{"id":34949,"date":"2026-03-04T14:31:13","date_gmt":"2026-03-04T13:31:13","guid":{"rendered":"https:\/\/www.dyflexis.com\/nl\/?p=34949"},"modified":"2026-03-11T10:10:16","modified_gmt":"2026-03-11T09:10:16","slug":"bigger-together-het-verhaal-achter-onze-nieuwe-branding","status":"publish","type":"post","link":"https:\/\/www.dyflexis.com\/nl\/bigger-together-het-verhaal-achter-onze-nieuwe-branding\/","title":{"rendered":"Bigger Together: het verhaal achter onze nieuwe branding"},"content":{"rendered":"\n<div class=\"block__background  container-padding-mobile lg:container-padding-desktop break-container-padding tw-relative tw-bg-transparent tw-pt-[40px] tw-pb-0 tw-bg-cover tw-bg-no-repeat 3xl:!tw-bg-none\" style=\"\">\n\t\n\t\n\t<div class=\"block__background__content tw-w-full tw-mx-auto tw-max-w-[1352px] tw-relative tw-z-10\">\n\t\t<div class=\"block__background__columns__container tw-flex tw-flex-col tw-flex tw-flex-col tw-gap-[40px] lg:tw-gap-[80px]\">\n\n\n<div class=\"text-block vertical-grow-allowed tw-flex tw-flex-col tw-gap-5 md:tw-gap-10  \">\n\t\n\t\t\t<div class=\"text-block__content wysiwyg__content\">\n\t\t\t<div class=\"wysiwyg__content\"><p><strong>Bij Dyflexis geloven we dat vooruitgang nooit alleen ontstaat. Groei ontstaat wanneer technologie, mensen en samenwerking samenkomen. Daarom introduceren we onze nieuwe branding \u2013 met \u00e9\u00e9n duidelijke gedachte als fundament: Bigger Together.<\/strong><\/p>\n<p>Deze nieuwe merkidentiteit laat zien wie we vandaag zijn, waar we voor staan en waar we naartoe groeien. Het is niet alleen een visuele vernieuwing, maar een weerspiegeling van onze visie op workforce management, talentontwikkeling en samenwerking.<\/p>\n<\/div>\t\t<\/div>\n\t\t\n\t<\/div>\n<\/div>\n\t<\/div>\n\n    <\/div>\n\n\n\n<div class=\"block__background  container-padding-mobile lg:container-padding-desktop break-container-padding tw-relative tw-bg-transparent tw-pt-0 tw-pb-[80px] tw-bg-cover tw-bg-no-repeat 3xl:!tw-bg-none\" style=\"\">\n\t\n\t        <div class=\"tw-absolute glow__block tw-pointer-events-none tw-top-[50%] tw-translate-y-[-50%] tw-scale-x-[-1] tw-translate-x-[-64%] sm:tw-translate-x-[-44%] md:tw-translate-x-[-28%] lg:tw-translate-x-[3%] 3xl:tw-translate-x-[-6%]\">\n            <img decoding=\"async\" src=\"https:\/\/www.dyflexis.com\/nl\/wp-content\/themes\/dyflexis-wp-child-theme\/assets\/images\/gradients\/gradient_03.svg\" class=\"tw-max-w-none\" alt=\"Achtergrond gloed\"\/>\n        <\/div>\n\t\n\t<div class=\"block__background__content tw-w-full tw-mx-auto tw-max-w-[1352px] tw-relative tw-z-10\">\n\t\t<div class=\"block__background__columns__container tw-flex tw-flex-col tw-flex tw-flex-col tw-gap-[40px] lg:tw-gap-[80px]\">\n\n<div class=\"wp-block-columns layout-asymmetric-left-right is-layout-flex wp-container-core-columns-is-layout-9d6595d7 wp-block-columns-is-layout-flex\">\n<div class=\"wp-block-column is-vertically-aligned-center column-41 is-layout-flow wp-block-column-is-layout-flow\" style=\"flex-basis:41%\">\n\n<div class=\"text-block vertical-grow-allowed tw-flex tw-flex-col tw-gap-5 md:tw-gap-10  \">\n\t\t\t<div class=\"text-block__title-wrapper tw-flex tw-flex-col tw-items-start md:tw-flex-row tw-flex-wrap md:tw-items-center tw-justify-between tw-gap-4\">\n\t\t\t\t\t\t\t<h2 class=\" tw-m-0\">\n\t\t\t\t\t\t\t\t\t\tWaarom een rebranding?\t\t\t\t<\/h2>\n\t\t\t\n\t\t\t\t\t<\/div>\n\t\n\t\t\t<div class=\"text-block__content wysiwyg__content\">\n\t\t\t<div class=\"wysiwyg__content\"><p>Dyflexis heeft de afgelopen jaren een sterke ontwikkeling doorgemaakt. Waar we ooit begonnen met planning en urenregistratie, zijn we uitgegroeid tot een krachtig workforce management platform dat organisaties helpt om hun operatie slimmer te organiseren.<\/p>\n<p>Maar de wereld van werk verandert snel. Organisaties kijken niet meer alleen naar roosters en uren, maar ook steeds meer naar <strong>skills, ontwikkeling en talent.<\/strong><\/p>\n<p>Daarom zetten we een volgende stap.<\/p>\n<p>Onze nieuwe branding ondersteunt een bredere visie: een platform dat organisaties helpt om niet alleen hun workforce effici\u00ebnt in te zetten, maar ook het talent binnen hun organisatie optimaal te benutten en te laten groeien.<\/p>\n<\/div>\t\t<\/div>\n\t\t\n\t<\/div><\/div>\n\n\n\n<div class=\"wp-block-column is-vertically-aligned-center spacer-column column-9 is-layout-flow wp-block-column-is-layout-flow\" style=\"flex-basis:9%\"><\/div>\n\n\n\n<div class=\"wp-block-column is-vertically-aligned-center column-50 is-layout-flow wp-block-column-is-layout-flow column--has-image\" style=\"flex-basis:50%\">\n<figure class=\"wp-block-image size-full\"><img loading=\"lazy\" decoding=\"async\" width=\"554\" height=\"640\" src=\"https:\/\/www.dyflexis.com\/nl\/wp-content\/uploads\/2026\/03\/Support-2-1.png\" alt=\"\" class=\"wp-image-29417\" srcset=\"https:\/\/www.dyflexis.com\/nl\/wp-content\/uploads\/2026\/03\/Support-2-1.png 554w, https:\/\/www.dyflexis.com\/nl\/wp-content\/uploads\/2026\/03\/Support-2-1-260x300.png 260w, https:\/\/www.dyflexis.com\/nl\/wp-content\/uploads\/2026\/03\/Support-2-1-94x109.png 94w, https:\/\/www.dyflexis.com\/nl\/wp-content\/uploads\/2026\/03\/Support-2-1-415x479.png 415w, https:\/\/www.dyflexis.com\/nl\/wp-content\/uploads\/2026\/03\/Support-2-1-250x289.png 250w, https:\/\/www.dyflexis.com\/nl\/wp-content\/uploads\/2026\/03\/Support-2-1-380x439.png 380w, https:\/\/www.dyflexis.com\/nl\/wp-content\/uploads\/2026\/03\/Support-2-1-450x520.png 450w, https:\/\/www.dyflexis.com\/nl\/wp-content\/uploads\/2026\/03\/Support-2-1-29x33.png 29w, https:\/\/www.dyflexis.com\/nl\/wp-content\/uploads\/2026\/03\/Support-2-1-40x46.png 40w\" sizes=\"auto, (max-width: 554px) 100vw, 554px\" \/><\/figure>\n<\/div>\n<\/div>\n\n<\/div>\n\t<\/div>\n\n    <\/div>\n\n\n\n<div class=\"block__background  container-padding-mobile lg:container-padding-desktop break-container-padding tw-relative tw-bg-transparent tw-pt-0 tw-pb-0 tw-bg-cover tw-bg-no-repeat 3xl:!tw-bg-none\" style=\"\">\n\t\n\t        <div class=\"tw-absolute glow__block tw-pointer-events-none tw-top-[50%] tw-translate-y-[-50%]  tw-translate-x-[-30%] 3xl:tw-translate-x-[-22%]\">\n            <img decoding=\"async\" src=\"https:\/\/www.dyflexis.com\/nl\/wp-content\/themes\/dyflexis-wp-child-theme\/assets\/images\/gradients\/gradient_03.svg\" class=\"tw-max-w-none\" alt=\"Achtergrond gloed\"\/>\n        <\/div>\n\t\n\t<div class=\"block__background__content tw-w-full tw-mx-auto tw-max-w-[1352px] tw-relative tw-z-10\">\n\t\t<div class=\"block__background__columns__container tw-flex tw-flex-col tw-flex tw-flex-col tw-gap-[20px] lg:tw-gap-[40px]\">\n\n<div class=\"wp-block-columns layout-asymmetric-right-left is-layout-flex wp-container-core-columns-is-layout-9d6595d7 wp-block-columns-is-layout-flex\">\n<div class=\"wp-block-column is-vertically-aligned-center column-50 is-layout-flow wp-block-column-is-layout-flow\" style=\"flex-basis:50%\">\n\n<div class=\"text-block vertical-grow-allowed tw-flex tw-flex-col tw-gap-5 md:tw-gap-10  \">\n\t\t\t<div class=\"text-block__title-wrapper tw-flex tw-flex-col tw-items-start md:tw-flex-row tw-flex-wrap md:tw-items-center tw-justify-between tw-gap-4\">\n\t\t\t\t\t\t\t<h2 class=\" tw-m-0\">\n\t\t\t\t\t\t\t\t\t\tBigger Together: de kern van ons merk\t\t\t\t<\/h2>\n\t\t\t\n\t\t\t\t\t<\/div>\n\t\n\t\t\t<div class=\"text-block__content wysiwyg__content\">\n\t\t\t<div class=\"wysiwyg__content\"><p>De gedachte Bigger Together staat centraal in onze nieuwe branding.<\/p>\n<p>Het betekent dat groei ontstaat wanneer mensen, technologie en organisaties elkaar versterken. Workforce management gaat immers niet alleen over processen of software. Het gaat over mensen die samenwerken, teams die zich ontwikkelen en organisaties die vooruit willen.<\/p>\n<p>Met Dyflexis helpen we organisaties om het beste uit hun teams te halen. Niet alleen door slimmer te plannen, maar ook door inzicht te geven in talent, ontwikkeling en potentieel.<\/p>\n<p>We geloven dat organisaties sterker worden wanneer medewerkers hun talenten kunnen ontwikkelen en inzetten. Wanneer individuele groei en gezamenlijke groei samenkomen, ontstaat echte vooruitgang.<\/p>\n<p>Bigger Together betekent dus niet alleen samen werken, maar ook samen groeien.<\/p>\n<\/div>\t\t<\/div>\n\t\t\n\t<\/div><\/div>\n\n\n\n<div class=\"wp-block-column is-vertically-aligned-center spacer-column column-9 is-layout-flow wp-block-column-is-layout-flow\" style=\"flex-basis:9%\"><\/div>\n\n\n\n<div class=\"wp-block-column is-vertically-aligned-center column-41 is-layout-flow wp-block-column-is-layout-flow column--has-image\" style=\"flex-basis:41%\">\n<figure class=\"wp-block-image size-full\"><img loading=\"lazy\" decoding=\"async\" width=\"666\" height=\"640\" src=\"https:\/\/www.dyflexis.com\/nl\/wp-content\/uploads\/2026\/03\/hospitality-8-1.png\" alt=\"\" class=\"wp-image-29513\" srcset=\"https:\/\/www.dyflexis.com\/nl\/wp-content\/uploads\/2026\/03\/hospitality-8-1.png 666w, https:\/\/www.dyflexis.com\/nl\/wp-content\/uploads\/2026\/03\/hospitality-8-1-300x288.png 300w, https:\/\/www.dyflexis.com\/nl\/wp-content\/uploads\/2026\/03\/hospitality-8-1-640x615.png 640w, https:\/\/www.dyflexis.com\/nl\/wp-content\/uploads\/2026\/03\/hospitality-8-1-113x109.png 113w, https:\/\/www.dyflexis.com\/nl\/wp-content\/uploads\/2026\/03\/hospitality-8-1-415x399.png 415w, https:\/\/www.dyflexis.com\/nl\/wp-content\/uploads\/2026\/03\/hospitality-8-1-250x240.png 250w, https:\/\/www.dyflexis.com\/nl\/wp-content\/uploads\/2026\/03\/hospitality-8-1-380x365.png 380w, https:\/\/www.dyflexis.com\/nl\/wp-content\/uploads\/2026\/03\/hospitality-8-1-450x432.png 450w, https:\/\/www.dyflexis.com\/nl\/wp-content\/uploads\/2026\/03\/hospitality-8-1-34x33.png 34w, https:\/\/www.dyflexis.com\/nl\/wp-content\/uploads\/2026\/03\/hospitality-8-1-40x38.png 40w\" sizes=\"auto, (max-width: 666px) 100vw, 666px\" \/><\/figure>\n<\/div>\n<\/div>\n\n<\/div>\n\t<\/div>\n\n    <\/div>\n\n\n\n<div class=\"block__background  container-padding-mobile lg:container-padding-desktop break-container-padding tw-relative tw-bg-transparent tw-pt-0 tw-pb-[40px] tw-bg-cover tw-bg-no-repeat 3xl:!tw-bg-none\" style=\"\">\n\t\n\t        <div class=\"tw-absolute glow__block tw-pointer-events-none tw-top-[50%] tw-translate-y-[-50%] tw-scale-x-[-1] tw-translate-x-[-64%] sm:tw-translate-x-[-44%] md:tw-translate-x-[-28%] lg:tw-translate-x-[3%] 3xl:tw-translate-x-[-6%]\">\n            <img decoding=\"async\" src=\"https:\/\/www.dyflexis.com\/nl\/wp-content\/themes\/dyflexis-wp-child-theme\/assets\/images\/gradients\/gradient_03.svg\" class=\"tw-max-w-none\" alt=\"Achtergrond gloed\"\/>\n        <\/div>\n\t\n\t<div class=\"block__background__content tw-w-full tw-mx-auto tw-max-w-[1352px] tw-relative tw-z-10\">\n\t\t<div class=\"block__background__columns__container tw-flex tw-flex-col tw-flex tw-flex-col tw-gap-[20px] lg:tw-gap-[40px]\">\n\n<figure class=\"wp-block-image aligncenter size-full is-style-default\"><img loading=\"lazy\" decoding=\"async\" width=\"666\" height=\"640\" src=\"https:\/\/www.dyflexis.com\/nl\/wp-content\/uploads\/2026\/03\/Image-mask-666x640-12.png\" alt=\"\" class=\"wp-image-29669\" srcset=\"https:\/\/www.dyflexis.com\/nl\/wp-content\/uploads\/2026\/03\/Image-mask-666x640-12.png 666w, https:\/\/www.dyflexis.com\/nl\/wp-content\/uploads\/2026\/03\/Image-mask-666x640-12-300x288.png 300w, https:\/\/www.dyflexis.com\/nl\/wp-content\/uploads\/2026\/03\/Image-mask-666x640-12-640x615.png 640w, https:\/\/www.dyflexis.com\/nl\/wp-content\/uploads\/2026\/03\/Image-mask-666x640-12-113x109.png 113w, https:\/\/www.dyflexis.com\/nl\/wp-content\/uploads\/2026\/03\/Image-mask-666x640-12-415x399.png 415w, https:\/\/www.dyflexis.com\/nl\/wp-content\/uploads\/2026\/03\/Image-mask-666x640-12-250x240.png 250w, https:\/\/www.dyflexis.com\/nl\/wp-content\/uploads\/2026\/03\/Image-mask-666x640-12-380x365.png 380w, https:\/\/www.dyflexis.com\/nl\/wp-content\/uploads\/2026\/03\/Image-mask-666x640-12-450x432.png 450w, https:\/\/www.dyflexis.com\/nl\/wp-content\/uploads\/2026\/03\/Image-mask-666x640-12-34x33.png 34w, https:\/\/www.dyflexis.com\/nl\/wp-content\/uploads\/2026\/03\/Image-mask-666x640-12-40x38.png 40w\" sizes=\"auto, (max-width: 666px) 100vw, 666px\" \/><\/figure>\n\n<\/div>\n\t<\/div>\n\n    <\/div>\n\n\n\n<div class=\"block__background  container-padding-mobile lg:container-padding-desktop break-container-padding tw-relative tw-bg-transparent tw-pt-0 tw-pb-[80px] tw-bg-cover tw-bg-no-repeat 3xl:!tw-bg-none\" style=\"\">\n\t\n\t        <div class=\"tw-absolute glow__block tw-pointer-events-none tw-top-[50%] tw-translate-y-[-50%]  tw-translate-x-[-30%] 3xl:tw-translate-x-[-22%]\">\n            <img decoding=\"async\" src=\"https:\/\/www.dyflexis.com\/nl\/wp-content\/themes\/dyflexis-wp-child-theme\/assets\/images\/gradients\/gradient_03.svg\" class=\"tw-max-w-none\" alt=\"Achtergrond gloed\"\/>\n        <\/div>\n\t\n\t<div class=\"block__background__content tw-w-full tw-mx-auto tw-max-w-[1352px] tw-relative tw-z-10\">\n\t\t<div class=\"block__background__columns__container tw-flex tw-flex-col tw-flex tw-flex-col tw-gap-[40px] lg:tw-gap-[80px]\">\n\n<div class=\"wp-block-columns layout-asymmetric-right-left is-layout-flex wp-container-core-columns-is-layout-9d6595d7 wp-block-columns-is-layout-flex\">\n<div class=\"wp-block-column is-vertically-aligned-center column-50 is-layout-flow wp-block-column-is-layout-flow\" style=\"flex-basis:50%\">\n\n<div class=\"text-block vertical-grow-allowed tw-flex tw-flex-col tw-gap-5 md:tw-gap-10  \">\n\t\t\t<div class=\"text-block__title-wrapper tw-flex tw-flex-col tw-items-start md:tw-flex-row tw-flex-wrap md:tw-items-center tw-justify-between tw-gap-4\">\n\t\t\t\t\t\t\t<h2 class=\" tw-m-0\">\n\t\t\t\t\t\t\t\t\t\tTalentontwikkeling binnen Workforce Management\t\t\t\t<\/h2>\n\t\t\t\n\t\t\t\t\t<\/div>\n\t\n\t\t\t<div class=\"text-block__content wysiwyg__content\">\n\t\t\t<div class=\"wysiwyg__content\"><p>De rol van workforce management verandert. Waar het vroeger vooral draaide om planning en urenregistratie, verschuift de focus steeds meer naar inzicht, skills en talentontwikkeling.<\/p>\n<p>Dyflexis beweegt daarom van een traditioneel WFM-platform naar een breder platform dat organisaties ondersteunt in zowel operationele effici\u00ebntie als menselijke ontwikkeling.<\/p>\n<p>Onze ambitie is helder: organisaties helpen om hun mensen niet alleen optimaal in te zetten, maar ook optimaal te laten groeien.<\/p>\n<p>Oftewel: niet alleen kijken naar wanneer iemand werkt, maar ook naar wat iemand kan, wil en kan ontwikkelen.<\/p>\n<\/div>\t\t<\/div>\n\t\t\n\t<\/div><\/div>\n\n\n\n<div class=\"wp-block-column is-vertically-aligned-center spacer-column column-9 is-layout-flow wp-block-column-is-layout-flow\" style=\"flex-basis:9%\"><\/div>\n\n\n\n<div class=\"wp-block-column is-vertically-aligned-center column-41 is-layout-flow wp-block-column-is-layout-flow column--has-image\" style=\"flex-basis:41%\">\n<figure class=\"wp-block-image size-full\"><img loading=\"lazy\" decoding=\"async\" width=\"666\" height=\"640\" src=\"https:\/\/www.dyflexis.com\/nl\/wp-content\/uploads\/2026\/03\/hospitality-5.png\" alt=\"\" class=\"wp-image-29503\" srcset=\"https:\/\/www.dyflexis.com\/nl\/wp-content\/uploads\/2026\/03\/hospitality-5.png 666w, https:\/\/www.dyflexis.com\/nl\/wp-content\/uploads\/2026\/03\/hospitality-5-300x288.png 300w, https:\/\/www.dyflexis.com\/nl\/wp-content\/uploads\/2026\/03\/hospitality-5-640x615.png 640w, https:\/\/www.dyflexis.com\/nl\/wp-content\/uploads\/2026\/03\/hospitality-5-113x109.png 113w, https:\/\/www.dyflexis.com\/nl\/wp-content\/uploads\/2026\/03\/hospitality-5-415x399.png 415w, https:\/\/www.dyflexis.com\/nl\/wp-content\/uploads\/2026\/03\/hospitality-5-250x240.png 250w, https:\/\/www.dyflexis.com\/nl\/wp-content\/uploads\/2026\/03\/hospitality-5-380x365.png 380w, https:\/\/www.dyflexis.com\/nl\/wp-content\/uploads\/2026\/03\/hospitality-5-450x432.png 450w, https:\/\/www.dyflexis.com\/nl\/wp-content\/uploads\/2026\/03\/hospitality-5-34x33.png 34w, https:\/\/www.dyflexis.com\/nl\/wp-content\/uploads\/2026\/03\/hospitality-5-40x38.png 40w\" sizes=\"auto, (max-width: 666px) 100vw, 666px\" \/><\/figure>\n<\/div>\n<\/div>\n\n\n\n<div class=\"wp-block-columns layout-asymmetric-left-right is-layout-flex wp-container-core-columns-is-layout-9d6595d7 wp-block-columns-is-layout-flex\">\n<div class=\"wp-block-column is-vertically-aligned-center column-41 is-layout-flow wp-block-column-is-layout-flow\" style=\"flex-basis:41%\">\n\n<div class=\"text-block vertical-grow-allowed tw-flex tw-flex-col tw-gap-5 md:tw-gap-10  \">\n\t\n\t\t\t<div class=\"text-block__content wysiwyg__content\">\n\t\t\t<div class=\"wysiwyg__content\"><blockquote>\n<p data-start=\"3699\" data-end=\"3797\">\u201cBigger Together is geen slogan, het is hoe wij samenwerken met klanten, partners en medewerkers.\u201d<\/p>\n<\/blockquote>\n<\/div>\t\t<\/div>\n\t\t\n\t<\/div><\/div>\n\n\n\n<div class=\"wp-block-column is-vertically-aligned-center spacer-column column-9 is-layout-flow wp-block-column-is-layout-flow\" style=\"flex-basis:9%\"><\/div>\n\n\n\n<div class=\"wp-block-column is-vertically-aligned-center column-50 is-layout-flow wp-block-column-is-layout-flow\" style=\"flex-basis:50%\">\n\n<div class=\"text-block vertical-grow-allowed tw-flex tw-flex-col tw-gap-5 md:tw-gap-10  \">\n\t\t\t<div class=\"text-block__title-wrapper tw-flex tw-flex-col tw-items-start md:tw-flex-row tw-flex-wrap md:tw-items-center tw-justify-between tw-gap-4\">\n\t\t\t\t\t\t\t<h2 class=\" tw-m-0\">\n\t\t\t\t\t\t\t\t\t\tVanuit onze CEO\t\t\t\t<\/h2>\n\t\t\t\n\t\t\t\t\t<\/div>\n\t\n\t\t\t<div class=\"text-block__content wysiwyg__content\">\n\t\t\t<div class=\"wysiwyg__content\"><p data-start=\"2829\" data-end=\"2926\">Volgens CEO Matthijs is deze ontwikkeling een logische volgende stap in de evolutie van Dyflexis.<\/p>\n<p data-start=\"2928\" data-end=\"3076\">\u201cWij bewegen van plannen naar presteren. Van uren registreren naar talent optimaliseren. Dat is geen feature-update, dat is een strategische shift.\u201d<\/p>\n<p data-start=\"3078\" data-end=\"3235\">Organisaties staan voor nieuwe uitdagingen. De arbeidsmarkt verandert, talent is schaars en medewerkers verwachten meer mogelijkheden om zich te ontwikkelen.<\/p>\n<p data-start=\"3237\" data-end=\"3308\">Daarom wordt inzicht in vaardigheden en potentieel steeds belangrijker.<\/p>\n<p data-start=\"3310\" data-end=\"3497\">\u201cDe toekomst van Workforce Management draait niet alleen om wanneer iemand werkt, maar om wat iemand kan. Skills worden de nieuwe valuta binnen organisaties, en Dyflexis faciliteert dat.\u201d<\/p>\n<p data-start=\"3499\" data-end=\"3697\">De nieuwe branding onderstreept deze richting en maakt duidelijk waar Dyflexis voor staat: een platform dat organisaties helpt om hun mensen, teams en talenten beter te laten samenwerken en groeien.<\/p>\n<p data-start=\"3699\" data-end=\"3797\">\u201cBigger Together is geen slogan, het is hoe wij samenwerken met klanten, partners en collega&#8217;s.\u201d<\/p>\n<\/div>\t\t<\/div>\n\t\t\n\t<\/div><\/div>\n<\/div>\n\n\n\n<figure class=\"wp-block-image aligncenter size-large\"><img loading=\"lazy\" decoding=\"async\" width=\"1024\" height=\"542\" src=\"https:\/\/www.dyflexis.com\/nl\/wp-content\/uploads\/2026\/02\/hospitality-2-1-1024x542.png\" alt=\"\" class=\"wp-image-29328\" srcset=\"https:\/\/www.dyflexis.com\/nl\/wp-content\/uploads\/2026\/02\/hospitality-2-1-1024x542.png 1024w, https:\/\/www.dyflexis.com\/nl\/wp-content\/uploads\/2026\/02\/hospitality-2-1-300x159.png 300w, https:\/\/www.dyflexis.com\/nl\/wp-content\/uploads\/2026\/02\/hospitality-2-1-768x406.png 768w, https:\/\/www.dyflexis.com\/nl\/wp-content\/uploads\/2026\/02\/hospitality-2-1-1350x714.png 1350w, https:\/\/www.dyflexis.com\/nl\/wp-content\/uploads\/2026\/02\/hospitality-2-1-640x339.png 640w, https:\/\/www.dyflexis.com\/nl\/wp-content\/uploads\/2026\/02\/hospitality-2-1-206x109.png 206w, https:\/\/www.dyflexis.com\/nl\/wp-content\/uploads\/2026\/02\/hospitality-2-1-746x395.png 746w, https:\/\/www.dyflexis.com\/nl\/wp-content\/uploads\/2026\/02\/hospitality-2-1-950x503.png 950w, https:\/\/www.dyflexis.com\/nl\/wp-content\/uploads\/2026\/02\/hospitality-2-1-1016x538.png 1016w, https:\/\/www.dyflexis.com\/nl\/wp-content\/uploads\/2026\/02\/hospitality-2-1-415x220.png 415w, https:\/\/www.dyflexis.com\/nl\/wp-content\/uploads\/2026\/02\/hospitality-2-1-250x132.png 250w, https:\/\/www.dyflexis.com\/nl\/wp-content\/uploads\/2026\/02\/hospitality-2-1-380x201.png 380w, https:\/\/www.dyflexis.com\/nl\/wp-content\/uploads\/2026\/02\/hospitality-2-1-450x238.png 450w, https:\/\/www.dyflexis.com\/nl\/wp-content\/uploads\/2026\/02\/hospitality-2-1-62x33.png 62w, https:\/\/www.dyflexis.com\/nl\/wp-content\/uploads\/2026\/02\/hospitality-2-1-40x21.png 40w, https:\/\/www.dyflexis.com\/nl\/wp-content\/uploads\/2026\/02\/hospitality-2-1-817x432.png 817w, https:\/\/www.dyflexis.com\/nl\/wp-content\/uploads\/2026\/02\/hospitality-2-1.png 1512w\" sizes=\"auto, (max-width: 1024px) 100vw, 1024px\" \/><\/figure>\n\n\n\n\n<div class=\"text-block vertical-grow-allowed tw-flex tw-flex-col tw-gap-5 md:tw-gap-10  \">\n\t\t\t<div class=\"text-block__title-wrapper tw-flex tw-flex-col tw-items-start md:tw-flex-row tw-flex-wrap md:tw-items-center tw-justify-between tw-gap-4\">\n\t\t\t\t\t\t\t<h2 class=\" tw-m-0\">\n\t\t\t\t\t\t\t\t\t\tDe drie pijlers van onze branding:\t\t\t\t<\/h2>\n\t\t\t\n\t\t\t\t\t<\/div>\n\t\n\t\t\n\t<\/div>\n\n\n<div class=\"wp-block-columns layout-three-columns is-layout-flex wp-container-core-columns-is-layout-9d6595d7 wp-block-columns-is-layout-flex\">\n<div class=\"wp-block-column is-vertically-aligned-top is-layout-flow wp-block-column-is-layout-flow\">\n\n<div class=\"text-block vertical-grow-allowed tw-flex tw-flex-col tw-gap-5 md:tw-gap-10  \">\n\t\t\t<div class=\"text-block__title-wrapper tw-flex tw-flex-col tw-items-start md:tw-flex-row tw-flex-wrap md:tw-items-center tw-justify-between tw-gap-4\">\n\t\t\t\t\t\t\t<h2 class=\" tw-m-0\">\n\t\t\t\t\t\t\t\t\t\tPower <br \/>\r\nmade simple\t\t\t\t<\/h2>\n\t\t\t\n\t\t\t\t\t<\/div>\n\t\n\t\t\t<div class=\"text-block__content wysiwyg__content\">\n\t\t\t<div class=\"wysiwyg__content\"><p>Workforce management kan complex zijn. Planning, urenregistratie, communicatie en integraties brengen veel processen samen.<\/p>\n<p>Dyflexis maakt dit eenvoudiger met \u00e9\u00e9n krachtig en ge\u00efntegreerd platform. Onze technologie helpt organisaties om overzicht te cre\u00ebren, processen te stroomlijnen en teams effici\u00ebnter te laten werken.<\/p>\n<p>Complexiteit verminderen zodat organisaties zich kunnen focussen op wat echt belangrijk is: mensen en prestaties.<\/p>\n<\/div>\t\t<\/div>\n\t\t\n\t<\/div><\/div>\n\n\n\n<div class=\"wp-block-column is-vertically-aligned-top is-layout-flow wp-block-column-is-layout-flow\">\n\n<div class=\"text-block vertical-grow-allowed tw-flex tw-flex-col tw-gap-5 md:tw-gap-10  \">\n\t\t\t<div class=\"text-block__title-wrapper tw-flex tw-flex-col tw-items-start md:tw-flex-row tw-flex-wrap md:tw-items-center tw-justify-between tw-gap-4\">\n\t\t\t\t\t\t\t<h2 class=\" tw-m-0\">\n\t\t\t\t\t\t\t\t\t\tBuilt for <br \/>\r\nprogress\t\t\t\t<\/h2>\n\t\t\t\n\t\t\t\t\t<\/div>\n\t\n\t\t\t<div class=\"text-block__content wysiwyg__content\">\n\t\t\t<div class=\"wysiwyg__content\"><p data-start=\"5248\" data-end=\"5336\">De nieuwe branding vertaalt deze visie naar een moderne en krachtige visuele identiteit.<\/p>\n<p data-start=\"5338\" data-end=\"5478\">Sterke contrasten, duidelijke typografie en een helder kleurenpalet zorgen voor een stijl die energie, vertrouwen en vooruitgang uitstraalt.<\/p>\n<p data-start=\"5480\" data-end=\"5624\">De identiteit weerspiegelt waar Dyflexis voor staat: een platform dat organisaties helpt om vooruit te bewegen, met helderheid, kracht en focus.<\/p>\n<\/div>\t\t<\/div>\n\t\t\n\t<\/div><\/div>\n\n\n\n<div class=\"wp-block-column is-vertically-aligned-top is-layout-flow wp-block-column-is-layout-flow\">\n\n<div class=\"text-block vertical-grow-allowed tw-flex tw-flex-col tw-gap-5 md:tw-gap-10  \">\n\t\t\t<div class=\"text-block__title-wrapper tw-flex tw-flex-col tw-items-start md:tw-flex-row tw-flex-wrap md:tw-items-center tw-justify-between tw-gap-4\">\n\t\t\t\t\t\t\t<h2 class=\" tw-m-0\">\n\t\t\t\t\t\t\t\t\t\tPartnership with personality\t\t\t\t<\/h2>\n\t\t\t\n\t\t\t\t\t<\/div>\n\t\n\t\t\t<div class=\"text-block__content wysiwyg__content\">\n\t\t\t<div class=\"wysiwyg__content\"><p>Onze nieuwe branding markeert een volgende stap in de ontwikkeling van Dyflexis.<\/p>\n<p>We bouwen verder aan een platform dat organisaties helpt om niet alleen hun workforce slimmer te organiseren, maar ook het talent binnen hun organisatie te laten groeien.<\/p>\n<p>Een platform dat teams ondersteunt om beter samen te werken, zich te ontwikkelen en het beste in zichzelf naar boven te halen.<\/p>\n<p>Want echte vooruitgang ontstaat wanneer technologie en mensen elkaar versterken.<\/p>\n<\/div>\t\t<\/div>\n\t\t\n\t<\/div><\/div>\n<\/div>\n\n\n\n\n<div class=\"text-block vertical-grow-allowed tw-flex tw-flex-col tw-gap-5 md:tw-gap-10  \">\n\t\t\t<div class=\"text-block__title-wrapper tw-flex tw-flex-col tw-items-start md:tw-flex-row tw-flex-wrap md:tw-items-center tw-justify-between tw-gap-4\">\n\t\t\t\t\t\t\t<h1 class=\" tw-m-0\">\n\t\t\t\t\t\t\t\t\t\tSamen worden we groter. Bigger Together.\t\t\t\t<\/h1>\n\t\t\t\n\t\t\t\t\t<\/div>\n\t\n\t\t\n\t<\/div>\n<\/div>\n\t<\/div>\n\n    <\/div>\n","protected":false},"excerpt":{"rendered":"","protected":false},"author":13,"featured_media":29606,"comment_status":"closed","ping_status":"open","sticky":false,"template":"","format":"standard","meta":{"_acf_changed":false,"inline_featured_image":false,"editor_notices":[],"footnotes":""},"categories":[76],"tags":[],"class_list":["post-34949","post","type-post","status-publish","format-standard","has-post-thumbnail","hentry","category-blog"],"acf":[],"yoast_head":"<title>Bigger Together: het verhaal achter onze nieuwe branding | Dyflexis<\/title>\n<meta name=\"robots\" content=\"index, follow, max-snippet:-1, max-image-preview:large, max-video-preview:-1\" \/>\n<link rel=\"canonical\" href=\"https:\/\/www.dyflexis.com\/nl\/bigger-together-het-verhaal-achter-onze-nieuwe-branding\/\" \/>\n<meta property=\"og:locale\" content=\"nl_NL\" \/>\n<meta property=\"og:type\" content=\"article\" \/>\n<meta property=\"og:title\" content=\"Bigger Together: het verhaal achter onze nieuwe branding | Dyflexis\" \/>\n<meta property=\"og:url\" content=\"https:\/\/www.dyflexis.com\/nl\/bigger-together-het-verhaal-achter-onze-nieuwe-branding\/\" \/>\n<meta property=\"og:site_name\" content=\"Dyflexis (NL)\" \/>\n<meta property=\"article:publisher\" content=\"https:\/\/www.facebook.com\/dyflexis\/\" \/>\n<meta property=\"article:published_time\" content=\"2026-03-04T13:31:13+00:00\" \/>\n<meta property=\"article:modified_time\" content=\"2026-03-11T09:10:16+00:00\" \/>\n<meta name=\"author\" content=\"cashinfelaar\" \/>\n<meta name=\"twitter:card\" content=\"summary_large_image\" \/>\n<meta name=\"twitter:label1\" content=\"Geschreven door\" \/>\n\t<meta name=\"twitter:data1\" content=\"cashinfelaar\" \/>\n\t<meta name=\"twitter:label2\" content=\"Geschatte leestijd\" \/>\n\t<meta name=\"twitter:data2\" content=\"2 minuten\" \/>\n<script type=\"application\/ld+json\" class=\"yoast-schema-graph\">{\"@context\":\"https:\/\/schema.org\",\"@graph\":[{\"@type\":\"Article\",\"@id\":\"https:\/\/www.dyflexis.com\/nl\/bigger-together-het-verhaal-achter-onze-nieuwe-branding\/#article\",\"isPartOf\":{\"@id\":\"https:\/\/www.dyflexis.com\/nl\/bigger-together-het-verhaal-achter-onze-nieuwe-branding\/\"},\"author\":{\"name\":\"cashinfelaar\",\"@id\":\"https:\/\/www.dyflexis.com\/nl\/#\/schema\/person\/31540a5d1c500e818cb40bfa7b84d0f5\"},\"headline\":\"Bigger Together: het verhaal achter onze nieuwe branding\",\"datePublished\":\"2026-03-04T13:31:13+00:00\",\"dateModified\":\"2026-03-11T09:10:16+00:00\",\"mainEntityOfPage\":{\"@id\":\"https:\/\/www.dyflexis.com\/nl\/bigger-together-het-verhaal-achter-onze-nieuwe-branding\/\"},\"wordCount\":8,\"publisher\":{\"@id\":\"https:\/\/www.dyflexis.com\/nl\/#organization\"},\"image\":{\"@id\":\"https:\/\/www.dyflexis.com\/nl\/bigger-together-het-verhaal-achter-onze-nieuwe-branding\/#primaryimage\"},\"thumbnailUrl\":\"https:\/\/www.dyflexis.com\/nl\/wp-content\/uploads\/2026\/03\/Blog-overzicht-1.png\",\"articleSection\":[\"Blogs\"],\"inLanguage\":\"nl-NL\"},{\"@type\":\"WebPage\",\"@id\":\"https:\/\/www.dyflexis.com\/nl\/bigger-together-het-verhaal-achter-onze-nieuwe-branding\/\",\"url\":\"https:\/\/www.dyflexis.com\/nl\/bigger-together-het-verhaal-achter-onze-nieuwe-branding\/\",\"name\":\"Bigger Together: het verhaal achter onze nieuwe branding | Dyflexis\",\"isPartOf\":{\"@id\":\"https:\/\/www.dyflexis.com\/nl\/#website\"},\"primaryImageOfPage\":{\"@id\":\"https:\/\/www.dyflexis.com\/nl\/bigger-together-het-verhaal-achter-onze-nieuwe-branding\/#primaryimage\"},\"image\":{\"@id\":\"https:\/\/www.dyflexis.com\/nl\/bigger-together-het-verhaal-achter-onze-nieuwe-branding\/#primaryimage\"},\"thumbnailUrl\":\"https:\/\/www.dyflexis.com\/nl\/wp-content\/uploads\/2026\/03\/Blog-overzicht-1.png\",\"datePublished\":\"2026-03-04T13:31:13+00:00\",\"dateModified\":\"2026-03-11T09:10:16+00:00\",\"breadcrumb\":{\"@id\":\"https:\/\/www.dyflexis.com\/nl\/bigger-together-het-verhaal-achter-onze-nieuwe-branding\/#breadcrumb\"},\"inLanguage\":\"nl-NL\",\"potentialAction\":[{\"@type\":\"ReadAction\",\"target\":[\"https:\/\/www.dyflexis.com\/nl\/bigger-together-het-verhaal-achter-onze-nieuwe-branding\/\"]}]},{\"@type\":\"ImageObject\",\"inLanguage\":\"nl-NL\",\"@id\":\"https:\/\/www.dyflexis.com\/nl\/bigger-together-het-verhaal-achter-onze-nieuwe-branding\/#primaryimage\",\"url\":\"https:\/\/www.dyflexis.com\/nl\/wp-content\/uploads\/2026\/03\/Blog-overzicht-1.png\",\"contentUrl\":\"https:\/\/www.dyflexis.com\/nl\/wp-content\/uploads\/2026\/03\/Blog-overzicht-1.png\"},{\"@type\":\"BreadcrumbList\",\"@id\":\"https:\/\/www.dyflexis.com\/nl\/bigger-together-het-verhaal-achter-onze-nieuwe-branding\/#breadcrumb\",\"itemListElement\":[{\"@type\":\"ListItem\",\"position\":1,\"name\":\"Home\",\"item\":\"https:\/\/www.dyflexis.com\/nl\/\"},{\"@type\":\"ListItem\",\"position\":2,\"name\":\"Blogs\",\"item\":\"https:\/\/www.dyflexis.com\/nl\/category\/blog\/\"},{\"@type\":\"ListItem\",\"position\":3,\"name\":\"Bigger Together: het verhaal achter onze nieuwe branding\"}]},{\"@type\":\"WebSite\",\"@id\":\"https:\/\/www.dyflexis.com\/nl\/#website\",\"url\":\"https:\/\/www.dyflexis.com\/nl\/\",\"name\":\"Dyflexis\",\"description\":\"Dyflexis Workforce Management |  Bigger Together | Kom in contact\",\"publisher\":{\"@id\":\"https:\/\/www.dyflexis.com\/nl\/#organization\"},\"alternateName\":\"Dyflexis Workforce Management\",\"potentialAction\":[{\"@type\":\"SearchAction\",\"target\":{\"@type\":\"EntryPoint\",\"urlTemplate\":\"https:\/\/www.dyflexis.com\/nl\/?s={search_term_string}\"},\"query-input\":{\"@type\":\"PropertyValueSpecification\",\"valueRequired\":true,\"valueName\":\"search_term_string\"}}],\"inLanguage\":\"nl-NL\"},{\"@type\":\"Organization\",\"@id\":\"https:\/\/www.dyflexis.com\/nl\/#organization\",\"name\":\"Dyflexis\",\"url\":\"https:\/\/www.dyflexis.com\/nl\/\",\"logo\":{\"@type\":\"ImageObject\",\"inLanguage\":\"nl-NL\",\"@id\":\"https:\/\/www.dyflexis.com\/nl\/#\/schema\/logo\/image\/\",\"url\":\"https:\/\/www.dyflexis.com\/nl\/wp-content\/uploads\/2026\/03\/LinkedIn-Company-Logo.jpg\",\"contentUrl\":\"https:\/\/www.dyflexis.com\/nl\/wp-content\/uploads\/2026\/03\/LinkedIn-Company-Logo.jpg\",\"width\":300,\"height\":300,\"caption\":\"Dyflexis\"},\"image\":{\"@id\":\"https:\/\/www.dyflexis.com\/nl\/#\/schema\/logo\/image\/\"},\"sameAs\":[\"https:\/\/www.facebook.com\/dyflexis\/\",\"https:\/\/www.instagram.com\/dyflexis\/\",\"https:\/\/nl.linkedin.com\/company\/dyflexis\",\"https:\/\/www.youtube.com\/channel\/UCLwLxXmaj9J6wcFhU2T7snw\"]},{\"@type\":\"Person\",\"@id\":\"https:\/\/www.dyflexis.com\/nl\/#\/schema\/person\/31540a5d1c500e818cb40bfa7b84d0f5\",\"name\":\"cashinfelaar\",\"image\":{\"@type\":\"ImageObject\",\"inLanguage\":\"nl-NL\",\"@id\":\"https:\/\/secure.gravatar.com\/avatar\/71f9e4ceb3a58b72d5ff4f1c9adfb4f1d236014885f2856c5fe857b51437d9ff?s=96&d=mm&r=g\",\"url\":\"https:\/\/secure.gravatar.com\/avatar\/71f9e4ceb3a58b72d5ff4f1c9adfb4f1d236014885f2856c5fe857b51437d9ff?s=96&d=mm&r=g\",\"contentUrl\":\"https:\/\/secure.gravatar.com\/avatar\/71f9e4ceb3a58b72d5ff4f1c9adfb4f1d236014885f2856c5fe857b51437d9ff?s=96&d=mm&r=g\",\"caption\":\"cashinfelaar\"},\"url\":\"https:\/\/www.dyflexis.com\/nl\/author\/cashinfelaar\/\"}]}<\/script>","yoast_head_json":{"title":"Bigger Together: het verhaal achter onze nieuwe branding | Dyflexis","robots":{"index":"index","follow":"follow","max-snippet":"max-snippet:-1","max-image-preview":"max-image-preview:large","max-video-preview":"max-video-preview:-1"},"canonical":"https:\/\/www.dyflexis.com\/nl\/bigger-together-het-verhaal-achter-onze-nieuwe-branding\/","og_locale":"nl_NL","og_type":"article","og_title":"Bigger Together: het verhaal achter onze nieuwe branding | Dyflexis","og_url":"https:\/\/www.dyflexis.com\/nl\/bigger-together-het-verhaal-achter-onze-nieuwe-branding\/","og_site_name":"Dyflexis (NL)","article_publisher":"https:\/\/www.facebook.com\/dyflexis\/","article_published_time":"2026-03-04T13:31:13+00:00","article_modified_time":"2026-03-11T09:10:16+00:00","author":"cashinfelaar","twitter_card":"summary_large_image","twitter_misc":{"Geschreven door":"cashinfelaar","Geschatte leestijd":"2 minuten"},"schema":{"@context":"https:\/\/schema.org","@graph":[{"@type":"Article","@id":"https:\/\/www.dyflexis.com\/nl\/bigger-together-het-verhaal-achter-onze-nieuwe-branding\/#article","isPartOf":{"@id":"https:\/\/www.dyflexis.com\/nl\/bigger-together-het-verhaal-achter-onze-nieuwe-branding\/"},"author":{"name":"cashinfelaar","@id":"https:\/\/www.dyflexis.com\/nl\/#\/schema\/person\/31540a5d1c500e818cb40bfa7b84d0f5"},"headline":"Bigger Together: het verhaal achter onze nieuwe branding","datePublished":"2026-03-04T13:31:13+00:00","dateModified":"2026-03-11T09:10:16+00:00","mainEntityOfPage":{"@id":"https:\/\/www.dyflexis.com\/nl\/bigger-together-het-verhaal-achter-onze-nieuwe-branding\/"},"wordCount":8,"publisher":{"@id":"https:\/\/www.dyflexis.com\/nl\/#organization"},"image":{"@id":"https:\/\/www.dyflexis.com\/nl\/bigger-together-het-verhaal-achter-onze-nieuwe-branding\/#primaryimage"},"thumbnailUrl":"https:\/\/www.dyflexis.com\/nl\/wp-content\/uploads\/2026\/03\/Blog-overzicht-1.png","articleSection":["Blogs"],"inLanguage":"nl-NL"},{"@type":"WebPage","@id":"https:\/\/www.dyflexis.com\/nl\/bigger-together-het-verhaal-achter-onze-nieuwe-branding\/","url":"https:\/\/www.dyflexis.com\/nl\/bigger-together-het-verhaal-achter-onze-nieuwe-branding\/","name":"Bigger Together: het verhaal achter onze nieuwe branding | Dyflexis","isPartOf":{"@id":"https:\/\/www.dyflexis.com\/nl\/#website"},"primaryImageOfPage":{"@id":"https:\/\/www.dyflexis.com\/nl\/bigger-together-het-verhaal-achter-onze-nieuwe-branding\/#primaryimage"},"image":{"@id":"https:\/\/www.dyflexis.com\/nl\/bigger-together-het-verhaal-achter-onze-nieuwe-branding\/#primaryimage"},"thumbnailUrl":"https:\/\/www.dyflexis.com\/nl\/wp-content\/uploads\/2026\/03\/Blog-overzicht-1.png","datePublished":"2026-03-04T13:31:13+00:00","dateModified":"2026-03-11T09:10:16+00:00","breadcrumb":{"@id":"https:\/\/www.dyflexis.com\/nl\/bigger-together-het-verhaal-achter-onze-nieuwe-branding\/#breadcrumb"},"inLanguage":"nl-NL","potentialAction":[{"@type":"ReadAction","target":["https:\/\/www.dyflexis.com\/nl\/bigger-together-het-verhaal-achter-onze-nieuwe-branding\/"]}]},{"@type":"ImageObject","inLanguage":"nl-NL","@id":"https:\/\/www.dyflexis.com\/nl\/bigger-together-het-verhaal-achter-onze-nieuwe-branding\/#primaryimage","url":"https:\/\/www.dyflexis.com\/nl\/wp-content\/uploads\/2026\/03\/Blog-overzicht-1.png","contentUrl":"https:\/\/www.dyflexis.com\/nl\/wp-content\/uploads\/2026\/03\/Blog-overzicht-1.png"},{"@type":"BreadcrumbList","@id":"https:\/\/www.dyflexis.com\/nl\/bigger-together-het-verhaal-achter-onze-nieuwe-branding\/#breadcrumb","itemListElement":[{"@type":"ListItem","position":1,"name":"Home","item":"https:\/\/www.dyflexis.com\/nl\/"},{"@type":"ListItem","position":2,"name":"Blogs","item":"https:\/\/www.dyflexis.com\/nl\/category\/blog\/"},{"@type":"ListItem","position":3,"name":"Bigger Together: het verhaal achter onze nieuwe branding"}]},{"@type":"WebSite","@id":"https:\/\/www.dyflexis.com\/nl\/#website","url":"https:\/\/www.dyflexis.com\/nl\/","name":"Dyflexis","description":"Dyflexis Workforce Management |  Bigger Together | Kom in contact","publisher":{"@id":"https:\/\/www.dyflexis.com\/nl\/#organization"},"alternateName":"Dyflexis Workforce Management","potentialAction":[{"@type":"SearchAction","target":{"@type":"EntryPoint","urlTemplate":"https:\/\/www.dyflexis.com\/nl\/?s={search_term_string}"},"query-input":{"@type":"PropertyValueSpecification","valueRequired":true,"valueName":"search_term_string"}}],"inLanguage":"nl-NL"},{"@type":"Organization","@id":"https:\/\/www.dyflexis.com\/nl\/#organization","name":"Dyflexis","url":"https:\/\/www.dyflexis.com\/nl\/","logo":{"@type":"ImageObject","inLanguage":"nl-NL","@id":"https:\/\/www.dyflexis.com\/nl\/#\/schema\/logo\/image\/","url":"https:\/\/www.dyflexis.com\/nl\/wp-content\/uploads\/2026\/03\/LinkedIn-Company-Logo.jpg","contentUrl":"https:\/\/www.dyflexis.com\/nl\/wp-content\/uploads\/2026\/03\/LinkedIn-Company-Logo.jpg","width":300,"height":300,"caption":"Dyflexis"},"image":{"@id":"https:\/\/www.dyflexis.com\/nl\/#\/schema\/logo\/image\/"},"sameAs":["https:\/\/www.facebook.com\/dyflexis\/","https:\/\/www.instagram.com\/dyflexis\/","https:\/\/nl.linkedin.com\/company\/dyflexis","https:\/\/www.youtube.com\/channel\/UCLwLxXmaj9J6wcFhU2T7snw"]},{"@type":"Person","@id":"https:\/\/www.dyflexis.com\/nl\/#\/schema\/person\/31540a5d1c500e818cb40bfa7b84d0f5","name":"cashinfelaar","image":{"@type":"ImageObject","inLanguage":"nl-NL","@id":"https:\/\/secure.gravatar.com\/avatar\/71f9e4ceb3a58b72d5ff4f1c9adfb4f1d236014885f2856c5fe857b51437d9ff?s=96&d=mm&r=g","url":"https:\/\/secure.gravatar.com\/avatar\/71f9e4ceb3a58b72d5ff4f1c9adfb4f1d236014885f2856c5fe857b51437d9ff?s=96&d=mm&r=g","contentUrl":"https:\/\/secure.gravatar.com\/avatar\/71f9e4ceb3a58b72d5ff4f1c9adfb4f1d236014885f2856c5fe857b51437d9ff?s=96&d=mm&r=g","caption":"cashinfelaar"},"url":"https:\/\/www.dyflexis.com\/nl\/author\/cashinfelaar\/"}]}},"_links":{"self":[{"href":"https:\/\/www.dyflexis.com\/nl\/wp-json\/wp\/v2\/posts\/34949","targetHints":{"allow":["GET"]}}],"collection":[{"href":"https:\/\/www.dyflexis.com\/nl\/wp-json\/wp\/v2\/posts"}],"about":[{"href":"https:\/\/www.dyflexis.com\/nl\/wp-json\/wp\/v2\/types\/post"}],"author":[{"embeddable":true,"href":"https:\/\/www.dyflexis.com\/nl\/wp-json\/wp\/v2\/users\/13"}],"replies":[{"embeddable":true,"href":"https:\/\/www.dyflexis.com\/nl\/wp-json\/wp\/v2\/comments?post=34949"}],"version-history":[{"count":33,"href":"https:\/\/www.dyflexis.com\/nl\/wp-json\/wp\/v2\/posts\/34949\/revisions"}],"predecessor-version":[{"id":35340,"href":"https:\/\/www.dyflexis.com\/nl\/wp-json\/wp\/v2\/posts\/34949\/revisions\/35340"}],"wp:featuredmedia":[{"embeddable":true,"href":"https:\/\/www.dyflexis.com\/nl\/wp-json\/"}],"wp:attachment":[{"href":"https:\/\/www.dyflexis.com\/nl\/wp-json\/wp\/v2\/media?parent=34949"}],"wp:term":[{"taxonomy":"category","embeddable":true,"href":"https:\/\/www.dyflexis.com\/nl\/wp-json\/wp\/v2\/categories?post=34949"},{"taxonomy":"post_tag","embeddable":true,"href":"https:\/\/www.dyflexis.com\/nl\/wp-json\/wp\/v2\/tags?post=34949"}],"curies":[{"name":"wp","href":"https:\/\/api.w.org\/{rel}","templated":true}]}}