{"id":27891,"date":"2026-05-01T16:27:29","date_gmt":"2026-05-01T14:27:29","guid":{"rendered":"https:\/\/www.dyflexis.com\/de\/?p=27891"},"modified":"2026-05-01T16:44:40","modified_gmt":"2026-05-01T14:44:40","slug":"skillmanagement-blog","status":"publish","type":"post","link":"https:\/\/www.dyflexis.com\/de\/skillmanagement-blog\/","title":{"rendered":"Skillmanagement \u2013 der Schl\u00fcssel zu besserer Personalplanung und leistungsf\u00e4higeren Teams"},"content":{"rendered":"\n<div class=\"block__background  container-padding-mobile lg:container-padding-desktop break-container-padding tw-relative tw-bg-transparent tw-pt-[40px] tw-pb-[40px] tw-bg-cover tw-bg-no-repeat 3xl:!tw-bg-none\" style=\"\">\n\t\n\t\n\t<div class=\"block__background__content tw-w-full tw-mx-auto tw-max-w-[1352px] tw-relative tw-z-10\">\n\t\t<div class=\"block__background__columns__container tw-flex tw-flex-col tw-flex tw-flex-col tw-gap-[40px] lg:tw-gap-[80px]\">\n\n\n<div class=\"text-block vertical-grow-allowed tw-flex tw-flex-col tw-gap-5 md:tw-gap-10  \">\n\t\n\t\t\t<div class=\"text-block__content wysiwyg__content\">\n\t\t\t<div class=\"wysiwyg__content\"><p><strong>Wenn Unternehmen wachsen, stehen sie fr\u00fcher oder sp\u00e4ter vor der Frage: Wie setze ich meine Mitarbeitenden nicht nur effizient ein, sondern nutze ihre St\u00e4rken wirklich aus? Anfangs gelingt das oft noch intuitiv. Sie kennen Ihr Team gut und verteilen Aufgaben nach Erfahrung und Gef\u00fchl. Doch wenn Teams wachsen, sich Rollen ver\u00e4ndern und Qualit\u00e4tsanforderungen steigen, st\u00f6\u00dft dieser Ansatz schnell an seine Grenzen. Was fehlt, ist die \u00dcbersicht \u00fcber die vorhandenen F\u00e4higkeiten. Skillmanagement \u2013 auch Kompetenzmanagement genannt \u2013 schafft Abhilfe.<\/strong><\/p>\n<\/div>\t\t<\/div>\n\t\t\n\t<\/div>\n<\/div>\n\t<\/div>\n\n    <\/div>\n\n\n\n<div class=\"block__background  container-padding-mobile lg:container-padding-desktop break-container-padding tw-relative tw-bg-transparent tw-pt-0 tw-pb-[80px] tw-bg-cover tw-bg-no-repeat 3xl:!tw-bg-none\" style=\"\">\n\t\n\t        <div class=\"tw-absolute glow__block tw-pointer-events-none tw-top-[50%] tw-translate-y-[-50%] tw-scale-x-[-1] tw-translate-x-[-64%] sm:tw-translate-x-[-44%] md:tw-translate-x-[-28%] lg:tw-translate-x-[3%] 3xl:tw-translate-x-[-6%]\">\n            <img decoding=\"async\" src=\"https:\/\/www.dyflexis.com\/de\/wp-content\/themes\/dyflexis-wp-child-theme\/assets\/images\/gradients\/gradient_03.svg\" class=\"tw-max-w-none\" alt=\"Hintergrundgl\u00fchen\"\/>\n        <\/div>\n\t\n\t<div class=\"block__background__content tw-w-full tw-mx-auto tw-max-w-[1352px] tw-relative tw-z-10\">\n\t\t<div class=\"block__background__columns__container tw-flex tw-flex-col tw-flex tw-flex-col tw-gap-[40px] lg:tw-gap-[80px]\">\n\n<div class=\"wp-block-columns layout-asymmetric-left-right is-layout-flex wp-container-core-columns-is-layout-9d6595d7 wp-block-columns-is-layout-flex\">\n<div class=\"wp-block-column is-vertically-aligned-center column-41 is-layout-flow wp-block-column-is-layout-flow\" style=\"flex-basis:41%\">\n\n<div class=\"text-block vertical-grow-allowed tw-flex tw-flex-col tw-gap-5 md:tw-gap-10  \">\n\t\n\t\t\t<div class=\"text-block__content wysiwyg__content\">\n\t\t\t<div class=\"wysiwyg__content\"><p>Die meisten Unternehmen wissen bereits viel \u00fcber ihre Mitarbeitenden. Sie speichern zum Beispiel Informationen zur Wochenarbeitszeit, Verf\u00fcgbarkeit, zu Funktionen und zur Leistung. Was oft fehlt, ist jedoch ein klarer \u00dcberblick \u00fcber die konkreten F\u00e4higkeiten im Team.<\/p>\n<ul class=\"checkmark-list\">\n<li>Welche Kompetenzen sind vorhanden?<\/li>\n<\/ul>\n<ul class=\"checkmark-list\">\n<li>Wie stark sind sie ausgepr\u00e4gt?<\/li>\n<\/ul>\n<ul class=\"checkmark-list\">\n<li>Und decken die vorhandenen Skills das ab, was das Unternehmen braucht?<\/li>\n<\/ul>\n<p>Und so bleibt viel Potenzial ungenutzt. Nicht, weil es fehlt, sondern weil es nicht erkannt wird. Genau hier setzt Skillmanagement an. Alle Kompetenzen im Team werden digital in einer \u00dcbersicht erfasst. Das bringt Struktur ins bestehende Wissen, macht F\u00e4higkeiten sichtbar und zeigt Entwicklungsm\u00f6glichkeiten auf. Und Sie? Setzen Ihr Personal ab sofort noch effektiver ein.<\/p>\n<\/div>\t\t<\/div>\n\t\t\n\t<\/div><\/div>\n\n\n\n<div class=\"wp-block-column is-vertically-aligned-center spacer-column column-9 is-layout-flow wp-block-column-is-layout-flow\" style=\"flex-basis:9%\"><\/div>\n\n\n\n<div class=\"wp-block-column is-vertically-aligned-center column-50 is-layout-flow wp-block-column-is-layout-flow\" style=\"flex-basis:50%\">\n\n<div class=\"text-block vertical-grow-allowed tw-flex tw-flex-col tw-gap-5 md:tw-gap-10  \">\n\t\t\t<div class=\"text-block__title-wrapper tw-flex tw-flex-col tw-items-start md:tw-flex-row tw-flex-wrap md:tw-items-center tw-justify-between tw-gap-4\">\n\t\t\t\t\t\t\t<h2 class=\" tw-m-0\">\n\t\t\t\t\t\t\t\t\t\tNicht nur wissen, wer verf\u00fcgbar ist \u2013 sondern, was Ihr Team wirklich kann\t\t\t\t<\/h2>\n\t\t\t\n\t\t\t\t\t<\/div>\n\t\n\t\t\n\t<\/div><\/div>\n<\/div>\n\n<\/div>\n\t<\/div>\n\n    <\/div>\n\n\n\n<div class=\"block__background  container-padding-mobile lg:container-padding-desktop break-container-padding tw-relative tw-bg-transparent tw-pt-0 tw-pb-0 tw-bg-cover tw-bg-no-repeat 3xl:!tw-bg-none\" style=\"\">\n\t\n\t        <div class=\"tw-absolute glow__block tw-pointer-events-none tw-top-[50%] tw-translate-y-[-50%]  tw-translate-x-[-30%] 3xl:tw-translate-x-[-22%]\">\n            <img decoding=\"async\" src=\"https:\/\/www.dyflexis.com\/de\/wp-content\/themes\/dyflexis-wp-child-theme\/assets\/images\/gradients\/gradient_03.svg\" class=\"tw-max-w-none\" alt=\"Hintergrundgl\u00fchen\"\/>\n        <\/div>\n\t\n\t<div class=\"block__background__content tw-w-full tw-mx-auto tw-max-w-[1352px] tw-relative tw-z-10\">\n\t\t<div class=\"block__background__columns__container tw-flex tw-flex-col tw-flex tw-flex-col tw-gap-[20px] lg:tw-gap-[40px]\">\n\n<div class=\"wp-block-columns layout-asymmetric-right-left is-layout-flex wp-container-core-columns-is-layout-9d6595d7 wp-block-columns-is-layout-flex\">\n<div class=\"wp-block-column is-vertically-aligned-center column-50 is-layout-flow wp-block-column-is-layout-flow\" style=\"flex-basis:50%\">\n\n<div class=\"text-block vertical-grow-allowed tw-flex tw-flex-col tw-gap-5 md:tw-gap-10  \">\n\t\t\t<div class=\"text-block__title-wrapper tw-flex tw-flex-col tw-items-start md:tw-flex-row tw-flex-wrap md:tw-items-center tw-justify-between tw-gap-4\">\n\t\t\t\t\t\t\t<h2 class=\" tw-m-0\">\n\t\t\t\t\t\t\t\t\t\tWarum Skillmanagement Unternehmen st\u00e4rkt\t\t\t\t<\/h2>\n\t\t\t\n\t\t\t\t\t<\/div>\n\t\n\t\t\t<div class=\"text-block__content wysiwyg__content\">\n\t\t\t<div class=\"wysiwyg__content\"><p>Wenn Unternehmen einen \u00dcberblick \u00fcber die F\u00e4higkeiten ihrer Belegschaft haben, treffen sie Entscheidungen anders. Nicht mehr nach Bauchgef\u00fchl, sondern auf Basis von Daten.<\/p>\n<ul class=\"checkmark-list\">\n<li>F\u00fchrungskr\u00e4fte erkennen besser, wie ihre Teams wirklich aufgestellt sind.<\/li>\n<\/ul>\n<ul class=\"checkmark-list\">\n<li>Die HR-Abteilung kann die Personalentwicklung gezielter vorantreiben.<\/li>\n<\/ul>\n<ul class=\"checkmark-list\">\n<li>Im Alltag wird schneller deutlich, wo Risiken oder Chancen liegen.<\/li>\n<\/ul>\n<p>Skillmanagement wirkt sich positiv auf das gesamte Unternehmen aus: Teams werden besser aufeinander abgestimmt und Mitarbeitende st\u00e4rker nach F\u00e4higkeiten eingesetzt. Das verbessert nicht nur Qualit\u00e4t und Effizienz , sondern zeigt auch, wo Wachstum m\u00f6glich ist.<\/p>\n<p>Und vielleicht noch wichtiger: verborgene Talente werden erkennbar. In vielen Mitarbeitenden steckt n\u00e4mlich mehr, als ihre Jobbeschreibung erkennen l\u00e4sst. Werden diese Kompetenzen transparent, er\u00f6ffnen sich neue M\u00f6glichkeiten f\u00fcr Wachstum, Entwicklung und einen optimalen Personaleinsatz.<\/p>\n<\/div>\t\t<\/div>\n\t\t\n\t<\/div><\/div>\n\n\n\n<div class=\"wp-block-column is-vertically-aligned-center spacer-column column-9 is-layout-flow wp-block-column-is-layout-flow\" style=\"flex-basis:9%\"><\/div>\n\n\n\n<div class=\"wp-block-column is-vertically-aligned-center column-41 is-layout-flow wp-block-column-is-layout-flow column--has-image\" style=\"flex-basis:41%\">\n<figure class=\"wp-block-image size-full\"><img loading=\"lazy\" decoding=\"async\" width=\"666\" height=\"640\" src=\"https:\/\/www.dyflexis.com\/de\/wp-content\/uploads\/2026\/05\/Planning-2.png\" alt=\"\" class=\"wp-image-30503\" srcset=\"https:\/\/www.dyflexis.com\/de\/wp-content\/uploads\/2026\/05\/Planning-2.png 666w, https:\/\/www.dyflexis.com\/de\/wp-content\/uploads\/2026\/05\/Planning-2-300x288.png 300w, https:\/\/www.dyflexis.com\/de\/wp-content\/uploads\/2026\/05\/Planning-2-640x615.png 640w, https:\/\/www.dyflexis.com\/de\/wp-content\/uploads\/2026\/05\/Planning-2-113x109.png 113w, https:\/\/www.dyflexis.com\/de\/wp-content\/uploads\/2026\/05\/Planning-2-415x399.png 415w, https:\/\/www.dyflexis.com\/de\/wp-content\/uploads\/2026\/05\/Planning-2-250x240.png 250w, https:\/\/www.dyflexis.com\/de\/wp-content\/uploads\/2026\/05\/Planning-2-380x365.png 380w, https:\/\/www.dyflexis.com\/de\/wp-content\/uploads\/2026\/05\/Planning-2-450x432.png 450w, https:\/\/www.dyflexis.com\/de\/wp-content\/uploads\/2026\/05\/Planning-2-34x33.png 34w, https:\/\/www.dyflexis.com\/de\/wp-content\/uploads\/2026\/05\/Planning-2-40x38.png 40w\" sizes=\"auto, (max-width: 666px) 100vw, 666px\" \/><\/figure>\n<\/div>\n<\/div>\n\n<\/div>\n\t<\/div>\n\n    <\/div>\n\n\n\n<div class=\"block__background  container-padding-mobile lg:container-padding-desktop break-container-padding tw-relative tw-bg-transparent tw-pt-[80px] tw-pb-[80px] tw-bg-cover tw-bg-no-repeat 3xl:!tw-bg-none\" style=\"\">\n\t\n\t        <div class=\"tw-absolute glow__block tw-pointer-events-none tw-top-[50%] tw-translate-y-[-50%]  tw-translate-x-[-30%] 3xl:tw-translate-x-[-22%]\">\n            <img decoding=\"async\" src=\"https:\/\/www.dyflexis.com\/de\/wp-content\/themes\/dyflexis-wp-child-theme\/assets\/images\/gradients\/gradient_03.svg\" class=\"tw-max-w-none\" alt=\"Hintergrundgl\u00fchen\"\/>\n        <\/div>\n\t\n\t<div class=\"block__background__content tw-w-full tw-mx-auto tw-max-w-[1352px] tw-relative tw-z-10\">\n\t\t<div class=\"block__background__columns__container tw-flex tw-flex-col tw-flex tw-flex-col tw-gap-[40px] lg:tw-gap-[80px]\">\n\n<div class=\"wp-block-columns layout-asymmetric-right-left is-layout-flex wp-container-core-columns-is-layout-9d6595d7 wp-block-columns-is-layout-flex\">\n<div class=\"wp-block-column is-vertically-aligned-center column-50 is-layout-flow wp-block-column-is-layout-flow\" style=\"flex-basis:50%\">\n\n<div class=\"text-block vertical-grow-allowed tw-flex tw-flex-col tw-gap-5 md:tw-gap-10  \">\n\t\n\t\t\t<div class=\"text-block__content wysiwyg__content\">\n\t\t\t<div class=\"wysiwyg__content\"><p>Digitales Kompetenzmanagement hat viele Vorteile. Einer der gr\u00f6\u00dften: Wissen, das bislang nur in einzelnen K\u00f6pfen vorhanden war, wird breiter zug\u00e4nglich. Setzten F\u00fchrungskr\u00e4fte fr\u00fcher ausschlie\u00dflich auf ihre Erfahrung (\u201eIch wei\u00df, wer das kann\u201c), vermittelt <em>Skill Management Software<\/em> heute ein objektives Bild. Das sorgt f\u00fcr konsistentere Personalentscheidungen und eine bessere Zusammenarbeit zwischen Abteilungen und Standorten.<\/p>\n<p>Kompetenzmanagement 2.0 macht Unternehmen auch besser skalierbar. Wer genau wei\u00df, welche F\u00e4higkeiten vorhanden sind und welche fehlen, kann besser f\u00fcr die Zukunft planen: durch Weiterbildungen, die Entwicklung interner Talente oder gezielte Neueinstellungen.<\/p>\n<\/div>\t\t<\/div>\n\t\t\n\t<\/div><\/div>\n\n\n\n<div class=\"wp-block-column is-vertically-aligned-center spacer-column column-9 is-layout-flow wp-block-column-is-layout-flow\" style=\"flex-basis:9%\"><\/div>\n\n\n\n<div class=\"wp-block-column is-vertically-aligned-center column-41 is-layout-flow wp-block-column-is-layout-flow\" style=\"flex-basis:41%\">\n\n<div class=\"text-block vertical-grow-allowed tw-flex tw-flex-col tw-gap-5 md:tw-gap-10  \">\n\t\t\t<div class=\"text-block__title-wrapper tw-flex tw-flex-col tw-items-start md:tw-flex-row tw-flex-wrap md:tw-items-center tw-justify-between tw-gap-4\">\n\t\t\t\t\t\t\t<h2 class=\" tw-m-0\">\n\t\t\t\t\t\t\t\t\t\tVom Bauchgef\u00fchl zum effizienten Kompetenzmanagement\t\t\t\t<\/h2>\n\t\t\t\n\t\t\t\t\t<\/div>\n\t\n\t\t\n\t<\/div><\/div>\n<\/div>\n\n<\/div>\n\t<\/div>\n\n    <\/div>\n\n\n\n<div class=\"block__background  container-padding-mobile lg:container-padding-desktop break-container-padding tw-relative tw-bg-transparent tw-pt-0 tw-pb-0 tw-bg-cover tw-bg-no-repeat 3xl:!tw-bg-none\" style=\"\">\n\t\n\t        <div class=\"tw-absolute glow__block tw-pointer-events-none tw-top-[50%] tw-translate-y-[-50%]  tw-translate-x-[-30%] 3xl:tw-translate-x-[-22%]\">\n            <img decoding=\"async\" src=\"https:\/\/www.dyflexis.com\/de\/wp-content\/themes\/dyflexis-wp-child-theme\/assets\/images\/gradients\/gradient_03.svg\" class=\"tw-max-w-none\" alt=\"Hintergrundgl\u00fchen\"\/>\n        <\/div>\n\t\n\t<div class=\"block__background__content tw-w-full tw-mx-auto tw-max-w-[1352px] tw-relative tw-z-10\">\n\t\t<div class=\"block__background__columns__container tw-flex tw-flex-col tw-flex tw-flex-col tw-gap-[20px] lg:tw-gap-[40px]\">\n\n<div class=\"wp-block-columns layout-asymmetric-right-left is-layout-flex wp-container-core-columns-is-layout-9d6595d7 wp-block-columns-is-layout-flex\">\n<div class=\"wp-block-column is-vertically-aligned-center column-50 is-layout-flow wp-block-column-is-layout-flow\" style=\"flex-basis:50%\">\n\n<div class=\"text-block vertical-grow-allowed tw-flex tw-flex-col tw-gap-5 md:tw-gap-10  \">\n\t\t\t<div class=\"text-block__title-wrapper tw-flex tw-flex-col tw-items-start md:tw-flex-row tw-flex-wrap md:tw-items-center tw-justify-between tw-gap-4\">\n\t\t\t\t\t\t\t<h2 class=\" tw-m-0\">\n\t\t\t\t\t\t\t\t\t\tKompetenzl\u00fccken zeigen, wo Wachstum m\u00f6glich ist\t\t\t\t<\/h2>\n\t\t\t\n\t\t\t\t\t<\/div>\n\t\n\t\t\t<div class=\"text-block__content wysiwyg__content\">\n\t\t\t<div class=\"wysiwyg__content\"><p>Skillmanagement macht auch fehlende F\u00e4higkeiten sichtbar. So erkennen Unternehmen, wo Risiken liegen und wo Wachstum m\u00f6glich ist. Nicht nur auf Mitarbeiterebene, sondern auch f\u00fcr Abteilungen und Standorte. Statt nur auf Probleme zu reagieren, k\u00f6nnen F\u00fchrungskr\u00e4fte vorausschauend handeln. Sie erkennen, wo Wissen fehlt, wo es zu stark auf einige wenige konzentriert ist und wo Personalentwicklung am meisten bringt. <span>Skill Management Software ist also nicht nur ein weiteres Tool, sondern die Grundlage f\u00fcr nachhaltiges Wachstum.<\/span><\/p>\n<\/div>\t\t<\/div>\n\t\t\n\t<\/div><\/div>\n\n\n\n<div class=\"wp-block-column is-vertically-aligned-center spacer-column column-9 is-layout-flow wp-block-column-is-layout-flow\" style=\"flex-basis:9%\"><\/div>\n\n\n\n<div class=\"wp-block-column is-vertically-aligned-center column-41 is-layout-flow wp-block-column-is-layout-flow column--has-image\" style=\"flex-basis:41%\">\n<figure class=\"wp-block-image size-full\"><img loading=\"lazy\" decoding=\"async\" width=\"666\" height=\"640\" src=\"https:\/\/www.dyflexis.com\/de\/wp-content\/uploads\/2026\/05\/9-Grid-DE.png\" alt=\"\" class=\"wp-image-30505\" srcset=\"https:\/\/www.dyflexis.com\/de\/wp-content\/uploads\/2026\/05\/9-Grid-DE.png 666w, https:\/\/www.dyflexis.com\/de\/wp-content\/uploads\/2026\/05\/9-Grid-DE-300x288.png 300w, https:\/\/www.dyflexis.com\/de\/wp-content\/uploads\/2026\/05\/9-Grid-DE-640x615.png 640w, https:\/\/www.dyflexis.com\/de\/wp-content\/uploads\/2026\/05\/9-Grid-DE-113x109.png 113w, https:\/\/www.dyflexis.com\/de\/wp-content\/uploads\/2026\/05\/9-Grid-DE-415x399.png 415w, https:\/\/www.dyflexis.com\/de\/wp-content\/uploads\/2026\/05\/9-Grid-DE-250x240.png 250w, https:\/\/www.dyflexis.com\/de\/wp-content\/uploads\/2026\/05\/9-Grid-DE-380x365.png 380w, https:\/\/www.dyflexis.com\/de\/wp-content\/uploads\/2026\/05\/9-Grid-DE-450x432.png 450w, https:\/\/www.dyflexis.com\/de\/wp-content\/uploads\/2026\/05\/9-Grid-DE-34x33.png 34w, https:\/\/www.dyflexis.com\/de\/wp-content\/uploads\/2026\/05\/9-Grid-DE-40x38.png 40w\" sizes=\"auto, (max-width: 666px) 100vw, 666px\" \/><\/figure>\n<\/div>\n<\/div>\n\n<\/div>\n\t<\/div>\n\n    <\/div>\n\n\n\n<div class=\"block__background  container-padding-mobile lg:container-padding-desktop break-container-padding tw-relative tw-bg-transparent tw-pt-[80px] tw-pb-[80px] tw-bg-cover tw-bg-no-repeat 3xl:!tw-bg-none\" style=\"\">\n\t\n\t        <div class=\"tw-absolute glow__block tw-pointer-events-none tw-top-[50%] tw-translate-y-[-50%]  tw-translate-x-[-30%] 3xl:tw-translate-x-[-22%]\">\n            <img decoding=\"async\" src=\"https:\/\/www.dyflexis.com\/de\/wp-content\/themes\/dyflexis-wp-child-theme\/assets\/images\/gradients\/gradient_03.svg\" class=\"tw-max-w-none\" alt=\"Hintergrundgl\u00fchen\"\/>\n        <\/div>\n\t\n\t<div class=\"block__background__content tw-w-full tw-mx-auto tw-max-w-[1352px] tw-relative tw-z-10\">\n\t\t<div class=\"block__background__columns__container tw-flex tw-flex-col tw-flex tw-flex-col tw-gap-[20px] lg:tw-gap-[40px]\">\n\n<div class=\"wp-block-columns layout-asymmetric-right-left is-layout-flex wp-container-core-columns-is-layout-9d6595d7 wp-block-columns-is-layout-flex\">\n<div class=\"wp-block-column is-vertically-aligned-center column-50 is-layout-flow wp-block-column-is-layout-flow\" style=\"flex-basis:50%\">\n\n<div class=\"text-block vertical-grow-allowed tw-flex tw-flex-col tw-gap-5 md:tw-gap-10  \">\n\t\n\t\t\t<div class=\"text-block__content wysiwyg__content\">\n\t\t\t<div class=\"wysiwyg__content\"><p>Modernes Kompetenzmanagement ver\u00e4ndert auch die Art und Weise, wie Unternehmen ihr Personal entwickeln. Unspezifisches Feedback und breit gestreute Entwicklungspl\u00e4ne geh\u00f6ren der Vergangenheit an. Skill Management Software zeigt genau, welche F\u00e4higkeiten schon vorhanden sind und welche noch entwickelt werden sollten. Dadurch wird Wachstum greif- und messbar.<\/p>\n<ul class=\"checkmark-list\">\n<li>Mitarbeitende wissen besser, wohin sie sich entwickeln k\u00f6nnen.<\/li>\n<\/ul>\n<ul class=\"checkmark-list\">\n<li>F\u00fchrungskr\u00e4fte k\u00f6nnen sie besser begleiten.<\/li>\n<\/ul>\n<ul class=\"checkmark-list\">\n<li>Unternehmen steuern Personalentwicklung und Talentaufbau gezielter.<\/li>\n<\/ul>\n<p>Und die Personalentwicklung? Wird fest im Arbeitsalltag verankert.<\/p>\n<\/div>\t\t<\/div>\n\t\t\n\t<\/div><\/div>\n\n\n\n<div class=\"wp-block-column is-vertically-aligned-center spacer-column column-9 is-layout-flow wp-block-column-is-layout-flow\" style=\"flex-basis:9%\"><\/div>\n\n\n\n<div class=\"wp-block-column is-vertically-aligned-center column-41 is-layout-flow wp-block-column-is-layout-flow\" style=\"flex-basis:41%\">\n\n<div class=\"text-block vertical-grow-allowed tw-flex tw-flex-col tw-gap-5 md:tw-gap-10  \">\n\t\t\t<div class=\"text-block__title-wrapper tw-flex tw-flex-col tw-items-start md:tw-flex-row tw-flex-wrap md:tw-items-center tw-justify-between tw-gap-4\">\n\t\t\t\t\t\t\t<h2 class=\" tw-m-0\">\n\t\t\t\t\t\t\t\t\t\tKompetenzmanagement 2.0: Personalentwicklung neu betrachtet\t\t\t\t<\/h2>\n\t\t\t\n\t\t\t\t\t<\/div>\n\t\n\t\t\n\t<\/div><\/div>\n<\/div>\n\n<\/div>\n\t<\/div>\n\n    <\/div>\n\n\n\n<div class=\"block__background  container-padding-mobile lg:container-padding-desktop break-container-padding tw-relative tw-bg-transparent tw-pt-0 tw-pb-0 tw-bg-cover tw-bg-no-repeat 3xl:!tw-bg-none\" style=\"\">\n\t\n\t        <div class=\"tw-absolute glow__block tw-pointer-events-none tw-top-[50%] tw-translate-y-[-50%]  tw-translate-x-[-30%] 3xl:tw-translate-x-[-22%]\">\n            <img decoding=\"async\" src=\"https:\/\/www.dyflexis.com\/de\/wp-content\/themes\/dyflexis-wp-child-theme\/assets\/images\/gradients\/gradient_03.svg\" class=\"tw-max-w-none\" alt=\"Hintergrundgl\u00fchen\"\/>\n        <\/div>\n\t\n\t<div class=\"block__background__content tw-w-full tw-mx-auto tw-max-w-[1352px] tw-relative tw-z-10\">\n\t\t<div class=\"block__background__columns__container tw-flex tw-flex-col tw-flex tw-flex-col tw-gap-[20px] lg:tw-gap-[40px]\">\n\n<div class=\"wp-block-columns layout-asymmetric-right-left is-layout-flex wp-container-core-columns-is-layout-9d6595d7 wp-block-columns-is-layout-flex\">\n<div class=\"wp-block-column is-vertically-aligned-center column-50 is-layout-flow wp-block-column-is-layout-flow\" style=\"flex-basis:50%\">\n\n<div class=\"text-block vertical-grow-allowed tw-flex tw-flex-col tw-gap-5 md:tw-gap-10  \">\n\t\t\t<div class=\"text-block__title-wrapper tw-flex tw-flex-col tw-items-start md:tw-flex-row tw-flex-wrap md:tw-items-center tw-justify-between tw-gap-4\">\n\t\t\t\t\t\t\t<h2 class=\" tw-m-0\">\n\t\t\t\t\t\t\t\t\t\tWarum Skillmanagement und Workforce Management zusammengeh\u00f6ren\t\t\t\t<\/h2>\n\t\t\t\n\t\t\t\t\t<\/div>\n\t\n\t\t\t<div class=\"text-block__content wysiwyg__content\">\n\t\t\t<div class=\"wysiwyg__content\"><p>Noch wirkungsvoller wird Skillmanagement im Zusammenspiel mit Workforce Management. Die Personaleinsatzplanung richtet sich dann nicht nur nach Verf\u00fcgbarkeit, sondern auch danach, wer f\u00fcr eine bestimmte Aufgabe, Rolle oder Situation am besten geeignet ist. Das verbessert betriebliche Entscheidungen genauso wie die Qualit\u00e4t der Ausf\u00fchrung.<\/p>\n<p>Langfristig entsteht aus der Kombination von Skill- und Workforce Management ein neuer Ansatz: die Personaleinsatzplanung auf Basis von F\u00e4higkeiten. Unternehmen schauen nicht mehr nur auf die Personalst\u00e4rke, sondern auch darauf, wie Teams zusammengesetzt sind und welche F\u00e4higkeiten noch fehlen. So werden sie flexibler und reagieren schneller auf Ver\u00e4nderungen.<\/p>\n<\/div>\t\t<\/div>\n\t\t\n\t<\/div><\/div>\n\n\n\n<div class=\"wp-block-column is-vertically-aligned-center spacer-column column-9 is-layout-flow wp-block-column-is-layout-flow\" style=\"flex-basis:9%\"><\/div>\n\n\n\n<div class=\"wp-block-column is-vertically-aligned-center column-41 is-layout-flow wp-block-column-is-layout-flow column--has-image\" style=\"flex-basis:41%\">\n<figure class=\"wp-block-image size-full\"><img loading=\"lazy\" decoding=\"async\" width=\"666\" height=\"640\" src=\"https:\/\/www.dyflexis.com\/nl\/wp-content\/uploads\/2026\/04\/Planning.png\" alt=\"\" class=\"wp-image-30415\" srcset=\"https:\/\/www.dyflexis.com\/de\/wp-content\/uploads\/2026\/04\/Planning.png 666w, https:\/\/www.dyflexis.com\/de\/wp-content\/uploads\/2026\/04\/Planning-300x288.png 300w, https:\/\/www.dyflexis.com\/de\/wp-content\/uploads\/2026\/04\/Planning-640x615.png 640w, https:\/\/www.dyflexis.com\/de\/wp-content\/uploads\/2026\/04\/Planning-113x109.png 113w, https:\/\/www.dyflexis.com\/de\/wp-content\/uploads\/2026\/04\/Planning-415x399.png 415w, https:\/\/www.dyflexis.com\/de\/wp-content\/uploads\/2026\/04\/Planning-250x240.png 250w, https:\/\/www.dyflexis.com\/de\/wp-content\/uploads\/2026\/04\/Planning-380x365.png 380w, https:\/\/www.dyflexis.com\/de\/wp-content\/uploads\/2026\/04\/Planning-450x432.png 450w, https:\/\/www.dyflexis.com\/de\/wp-content\/uploads\/2026\/04\/Planning-34x33.png 34w, https:\/\/www.dyflexis.com\/de\/wp-content\/uploads\/2026\/04\/Planning-40x38.png 40w\" sizes=\"auto, (max-width: 666px) 100vw, 666px\" \/><\/figure>\n<\/div>\n<\/div>\n\n<\/div>\n\t<\/div>\n\n    <\/div>\n\n\n\n<div class=\"block__background  container-padding-mobile lg:container-padding-desktop break-container-padding tw-relative tw-bg-transparent tw-pt-[80px] tw-pb-[80px] tw-bg-cover tw-bg-no-repeat 3xl:!tw-bg-none\" style=\"\">\n\t\n\t        <div class=\"tw-absolute glow__block tw-pointer-events-none tw-top-[50%] tw-translate-y-[-50%]  tw-translate-x-[-30%] 3xl:tw-translate-x-[-22%]\">\n            <img decoding=\"async\" src=\"https:\/\/www.dyflexis.com\/de\/wp-content\/themes\/dyflexis-wp-child-theme\/assets\/images\/gradients\/gradient_03.svg\" class=\"tw-max-w-none\" alt=\"Hintergrundgl\u00fchen\"\/>\n        <\/div>\n\t\n\t<div class=\"block__background__content tw-w-full tw-mx-auto tw-max-w-[1352px] tw-relative tw-z-10\">\n\t\t<div class=\"block__background__columns__container tw-flex tw-flex-col tw-flex tw-flex-col tw-gap-[20px] lg:tw-gap-[40px]\">\n\n<div class=\"wp-block-columns layout-asymmetric-right-left is-layout-flex wp-container-core-columns-is-layout-9d6595d7 wp-block-columns-is-layout-flex\">\n<div class=\"wp-block-column is-vertically-aligned-center column-50 is-layout-flow wp-block-column-is-layout-flow\" style=\"flex-basis:50%\">\n\n<div class=\"text-block vertical-grow-allowed tw-flex tw-flex-col tw-gap-5 md:tw-gap-10  \">\n\t\n\t\t\t<div class=\"text-block__content wysiwyg__content\">\n\t\t\t<div class=\"wysiwyg__content\"><p>Viele Unternehmen kennen das Problem: Mitarbeiterdaten sind auf verschiedene Systeme und Dateien verteilt. Skill Management Software b\u00fcndelt diese Informationen in einer zentralen \u00dcbersicht. Das schafft Transparenz und spart Zeit. Wer F\u00e4higkeiten, Leistung und Entwicklungschancen zusammen betrachtet, erh\u00e4lt ein vollst\u00e4ndigeres Bild von Mitarbeitenden und Teams. So lassen sich Personalentscheidungen konsistenter und gezielter treffen.<\/p>\n<\/div>\t\t<\/div>\n\t\t\n\t<\/div><\/div>\n\n\n\n<div class=\"wp-block-column is-vertically-aligned-center spacer-column column-9 is-layout-flow wp-block-column-is-layout-flow\" style=\"flex-basis:9%\"><\/div>\n\n\n\n<div class=\"wp-block-column is-vertically-aligned-center column-41 is-layout-flow wp-block-column-is-layout-flow\" style=\"flex-basis:41%\">\n\n<div class=\"text-block vertical-grow-allowed tw-flex tw-flex-col tw-gap-5 md:tw-gap-10  \">\n\t\t\t<div class=\"text-block__title-wrapper tw-flex tw-flex-col tw-items-start md:tw-flex-row tw-flex-wrap md:tw-items-center tw-justify-between tw-gap-4\">\n\t\t\t\t\t\t\t<h2 class=\" tw-m-0\">\n\t\t\t\t\t\t\t\t\t\tAlle Mitarbeiterinformationen an einem Ort\t\t\t\t<\/h2>\n\t\t\t\n\t\t\t\t\t<\/div>\n\t\n\t\t\n\t<\/div><\/div>\n<\/div>\n\n<\/div>\n\t<\/div>\n\n    <\/div>\n\n\n\n<div class=\"block__background  container-padding-mobile lg:container-padding-desktop break-container-padding tw-relative tw-bg-transparent tw-pt-0 tw-pb-0 tw-bg-cover tw-bg-no-repeat 3xl:!tw-bg-none\" style=\"\">\n\t\n\t        <div class=\"tw-absolute glow__block tw-pointer-events-none tw-top-[50%] tw-translate-y-[-50%]  tw-translate-x-[-30%] 3xl:tw-translate-x-[-22%]\">\n            <img decoding=\"async\" src=\"https:\/\/www.dyflexis.com\/de\/wp-content\/themes\/dyflexis-wp-child-theme\/assets\/images\/gradients\/gradient_03.svg\" class=\"tw-max-w-none\" alt=\"Hintergrundgl\u00fchen\"\/>\n        <\/div>\n\t\n\t<div class=\"block__background__content tw-w-full tw-mx-auto tw-max-w-[1352px] tw-relative tw-z-10\">\n\t\t<div class=\"block__background__columns__container tw-flex tw-flex-col tw-flex tw-flex-col tw-gap-[20px] lg:tw-gap-[40px]\">\n\n<div class=\"wp-block-columns layout-asymmetric-right-left is-layout-flex wp-container-core-columns-is-layout-9d6595d7 wp-block-columns-is-layout-flex\">\n<div class=\"wp-block-column is-vertically-aligned-center column-50 is-layout-flow wp-block-column-is-layout-flow\" style=\"flex-basis:50%\">\n\n<div class=\"text-block vertical-grow-allowed tw-flex tw-flex-col tw-gap-5 md:tw-gap-10  \">\n\t\t\t<div class=\"text-block__title-wrapper tw-flex tw-flex-col tw-items-start md:tw-flex-row tw-flex-wrap md:tw-items-center tw-justify-between tw-gap-4\">\n\t\t\t\t\t\t\t<h2 class=\" tw-m-0\">\n\t\t\t\t\t\t\t\t\t\tSkillmanagement: Daten effektiv nutzen\t\t\t\t<\/h2>\n\t\t\t\n\t\t\t\t\t<\/div>\n\t\n\t\t\t<div class=\"text-block__content wysiwyg__content\">\n\t\t\t<div class=\"wysiwyg__content\"><p>Skill Management Software versorgt Unternehmen mit belastbaren Daten. Ihr volles Potenzial entfalten sie aber erst, wenn sie auch genutzt werden. Unternehmen, die vorhandene Kompetenzen wirklich im Blick haben, k\u00f6nnen:<\/p>\n<ul class=\"checkmark-list\">\n<li>schneller und besser auf Ver\u00e4nderungen reagieren,<\/li>\n<\/ul>\n<ul class=\"checkmark-list\">\n<li>sich zielgerichteter weiterentwickeln und<\/li>\n<\/ul>\n<ul class=\"checkmark-list\">\n<li>Qualit\u00e4t und Wachstum st\u00e4rker f\u00f6rdern.<\/li>\n<\/ul>\n<p>So verschiebt sich der Fokus vom Reagieren zum Vorausdenken. Es geht nicht mehr nur darum, aktuelle Herausforderungen zu l\u00f6sen, sondern sich auf das vorzubereiten, was morgen kommt. Genau hier wird Skillmanagement relevant \u2013 nicht als zus\u00e4tzlicher Prozess, sondern als Grundlage daf\u00fcr, wie Unternehmen ihre Mitarbeitenden und sich selbst f\u00fcr die Zukunft fit machen.<\/p>\n<\/div>\t\t<\/div>\n\t\t\n\t<\/div><\/div>\n\n\n\n<div class=\"wp-block-column is-vertically-aligned-center spacer-column column-9 is-layout-flow wp-block-column-is-layout-flow\" style=\"flex-basis:9%\"><\/div>\n\n\n\n<div class=\"wp-block-column is-vertically-aligned-center column-41 is-layout-flow wp-block-column-is-layout-flow column--has-image\" style=\"flex-basis:41%\">\n<figure class=\"wp-block-image size-full\"><img loading=\"lazy\" decoding=\"async\" width=\"666\" height=\"640\" src=\"https:\/\/www.dyflexis.com\/de\/wp-content\/uploads\/2026\/05\/Grip-op-training-en-groei-DE-1.png\" alt=\"\" class=\"wp-image-30507\" srcset=\"https:\/\/www.dyflexis.com\/de\/wp-content\/uploads\/2026\/05\/Grip-op-training-en-groei-DE-1.png 666w, https:\/\/www.dyflexis.com\/de\/wp-content\/uploads\/2026\/05\/Grip-op-training-en-groei-DE-1-300x288.png 300w, https:\/\/www.dyflexis.com\/de\/wp-content\/uploads\/2026\/05\/Grip-op-training-en-groei-DE-1-640x615.png 640w, https:\/\/www.dyflexis.com\/de\/wp-content\/uploads\/2026\/05\/Grip-op-training-en-groei-DE-1-113x109.png 113w, https:\/\/www.dyflexis.com\/de\/wp-content\/uploads\/2026\/05\/Grip-op-training-en-groei-DE-1-415x399.png 415w, https:\/\/www.dyflexis.com\/de\/wp-content\/uploads\/2026\/05\/Grip-op-training-en-groei-DE-1-250x240.png 250w, https:\/\/www.dyflexis.com\/de\/wp-content\/uploads\/2026\/05\/Grip-op-training-en-groei-DE-1-380x365.png 380w, https:\/\/www.dyflexis.com\/de\/wp-content\/uploads\/2026\/05\/Grip-op-training-en-groei-DE-1-450x432.png 450w, https:\/\/www.dyflexis.com\/de\/wp-content\/uploads\/2026\/05\/Grip-op-training-en-groei-DE-1-34x33.png 34w, https:\/\/www.dyflexis.com\/de\/wp-content\/uploads\/2026\/05\/Grip-op-training-en-groei-DE-1-40x38.png 40w\" sizes=\"auto, (max-width: 666px) 100vw, 666px\" \/><\/figure>\n<\/div>\n<\/div>\n\n<\/div>\n\t<\/div>\n\n    <\/div>\n","protected":false},"excerpt":{"rendered":"","protected":false},"author":23,"featured_media":30501,"comment_status":"closed","ping_status":"open","sticky":false,"template":"","format":"standard","meta":{"_acf_changed":false,"inline_featured_image":false,"editor_notices":[],"footnotes":""},"categories":[106,1],"tags":[],"class_list":["post-27891","post","type-post","status-publish","format-standard","has-post-thumbnail","hentry","category-blog-2","category-uncategorized"],"acf":[],"yoast_head":"<title>Skillmanagement \u2013 der Schl\u00fcssel zu besserer Personalplanung und leistungsf\u00e4higeren Teams | Dyflexis<\/title>\n<meta name=\"description\" content=\"Wenn Teams wachsen, reicht Intuition nicht mehr aus. Skillmanagement hilft Unternehmen, St\u00e4rken zu erkennen, Aufgaben besser zu verteilen und Potenziale voll auszusch\u00f6pfen.\" \/>\n<meta name=\"robots\" content=\"index, follow, max-snippet:-1, max-image-preview:large, max-video-preview:-1\" \/>\n<link rel=\"canonical\" href=\"https:\/\/www.dyflexis.com\/de\/skillmanagement-blog\/\" \/>\n<meta property=\"og:locale\" content=\"de_DE\" \/>\n<meta property=\"og:type\" content=\"article\" \/>\n<meta property=\"og:title\" content=\"Skillmanagement \u2013 der Schl\u00fcssel zu besserer Personalplanung und leistungsf\u00e4higeren Teams | Dyflexis\" \/>\n<meta property=\"og:description\" content=\"Wenn Teams wachsen, reicht Intuition nicht mehr aus. Skillmanagement hilft Unternehmen, St\u00e4rken zu erkennen, Aufgaben besser zu verteilen und Potenziale voll auszusch\u00f6pfen.\" \/>\n<meta property=\"og:url\" content=\"https:\/\/www.dyflexis.com\/de\/skillmanagement-blog\/\" \/>\n<meta property=\"og:site_name\" content=\"Dyflexis (DE)\" \/>\n<meta property=\"article:published_time\" content=\"2026-05-01T14:27:29+00:00\" \/>\n<meta property=\"article:modified_time\" content=\"2026-05-01T14:44:40+00:00\" \/>\n<meta name=\"author\" content=\"annickvandijk\" \/>\n<meta name=\"twitter:card\" content=\"summary_large_image\" \/>\n<meta name=\"twitter:label1\" content=\"Verfasst von\" \/>\n\t<meta name=\"twitter:data1\" content=\"annickvandijk\" \/>\n\t<meta name=\"twitter:label2\" content=\"Gesch\u00e4tzte Lesezeit\" \/>\n\t<meta name=\"twitter:data2\" content=\"1\u00a0Minute\" \/>\n<script type=\"application\/ld+json\" class=\"yoast-schema-graph\">{\"@context\":\"https:\/\/schema.org\",\"@graph\":[{\"@type\":\"Article\",\"@id\":\"https:\/\/www.dyflexis.com\/de\/skillmanagement-blog\/#article\",\"isPartOf\":{\"@id\":\"https:\/\/www.dyflexis.com\/de\/skillmanagement-blog\/\"},\"author\":{\"name\":\"annickvandijk\",\"@id\":\"https:\/\/www.dyflexis.com\/de\/#\/schema\/person\/23639ff9745add922a86e03bbb194d98\"},\"headline\":\"Skillmanagement \u2013 der Schl\u00fcssel zu besserer Personalplanung und leistungsf\u00e4higeren Teams\",\"datePublished\":\"2026-05-01T14:27:29+00:00\",\"dateModified\":\"2026-05-01T14:44:40+00:00\",\"mainEntityOfPage\":{\"@id\":\"https:\/\/www.dyflexis.com\/de\/skillmanagement-blog\/\"},\"wordCount\":11,\"publisher\":{\"@id\":\"https:\/\/www.dyflexis.com\/de\/#organization\"},\"image\":{\"@id\":\"https:\/\/www.dyflexis.com\/de\/skillmanagement-blog\/#primaryimage\"},\"thumbnailUrl\":\"https:\/\/www.dyflexis.com\/de\/wp-content\/uploads\/2026\/05\/header-blog-skills.jpg\",\"articleSection\":[\"Blogs\",\"Uncategorized\"],\"inLanguage\":\"de\"},{\"@type\":\"WebPage\",\"@id\":\"https:\/\/www.dyflexis.com\/de\/skillmanagement-blog\/\",\"url\":\"https:\/\/www.dyflexis.com\/de\/skillmanagement-blog\/\",\"name\":\"Skillmanagement \u2013 der Schl\u00fcssel zu besserer Personalplanung und leistungsf\u00e4higeren Teams | Dyflexis\",\"isPartOf\":{\"@id\":\"https:\/\/www.dyflexis.com\/de\/#website\"},\"primaryImageOfPage\":{\"@id\":\"https:\/\/www.dyflexis.com\/de\/skillmanagement-blog\/#primaryimage\"},\"image\":{\"@id\":\"https:\/\/www.dyflexis.com\/de\/skillmanagement-blog\/#primaryimage\"},\"thumbnailUrl\":\"https:\/\/www.dyflexis.com\/de\/wp-content\/uploads\/2026\/05\/header-blog-skills.jpg\",\"datePublished\":\"2026-05-01T14:27:29+00:00\",\"dateModified\":\"2026-05-01T14:44:40+00:00\",\"description\":\"Wenn Teams wachsen, reicht Intuition nicht mehr aus. Skillmanagement hilft Unternehmen, St\u00e4rken zu erkennen, Aufgaben besser zu verteilen und Potenziale voll auszusch\u00f6pfen.\",\"breadcrumb\":{\"@id\":\"https:\/\/www.dyflexis.com\/de\/skillmanagement-blog\/#breadcrumb\"},\"inLanguage\":\"de\",\"potentialAction\":[{\"@type\":\"ReadAction\",\"target\":[\"https:\/\/www.dyflexis.com\/de\/skillmanagement-blog\/\"]}]},{\"@type\":\"ImageObject\",\"inLanguage\":\"de\",\"@id\":\"https:\/\/www.dyflexis.com\/de\/skillmanagement-blog\/#primaryimage\",\"url\":\"https:\/\/www.dyflexis.com\/de\/wp-content\/uploads\/2026\/05\/header-blog-skills.jpg\",\"contentUrl\":\"https:\/\/www.dyflexis.com\/de\/wp-content\/uploads\/2026\/05\/header-blog-skills.jpg\"},{\"@type\":\"BreadcrumbList\",\"@id\":\"https:\/\/www.dyflexis.com\/de\/skillmanagement-blog\/#breadcrumb\",\"itemListElement\":[{\"@type\":\"ListItem\",\"position\":1,\"name\":\"Home\",\"item\":\"https:\/\/www.dyflexis.com\/de\/\"},{\"@type\":\"ListItem\",\"position\":2,\"name\":\"Blogs\",\"item\":\"https:\/\/www.dyflexis.com\/de\/category\/blog\/\"},{\"@type\":\"ListItem\",\"position\":3,\"name\":\"Uncategorized\",\"item\":\"https:\/\/www.dyflexis.com\/de\/category\/blog\/uncategorized\/\"},{\"@type\":\"ListItem\",\"position\":4,\"name\":\"Skillmanagement \u2013 der Schl\u00fcssel zu besserer Personalplanung und leistungsf\u00e4higeren Teams\"}]},{\"@type\":\"WebSite\",\"@id\":\"https:\/\/www.dyflexis.com\/de\/#website\",\"url\":\"https:\/\/www.dyflexis.com\/de\/\",\"name\":\"Dyflexis\",\"description\":\"Dyflexis Workforce Management | Bigger Together\",\"publisher\":{\"@id\":\"https:\/\/www.dyflexis.com\/de\/#organization\"},\"alternateName\":\"Dyflexis Workforce Management\",\"potentialAction\":[{\"@type\":\"SearchAction\",\"target\":{\"@type\":\"EntryPoint\",\"urlTemplate\":\"https:\/\/www.dyflexis.com\/de\/?s={search_term_string}\"},\"query-input\":{\"@type\":\"PropertyValueSpecification\",\"valueRequired\":true,\"valueName\":\"search_term_string\"}}],\"inLanguage\":\"de\"},{\"@type\":\"Organization\",\"@id\":\"https:\/\/www.dyflexis.com\/de\/#organization\",\"name\":\"Dyflexis\",\"alternateName\":\"Dyflexis Workforce Management\",\"url\":\"https:\/\/www.dyflexis.com\/de\/\",\"logo\":{\"@type\":\"ImageObject\",\"inLanguage\":\"de\",\"@id\":\"https:\/\/www.dyflexis.com\/de\/#\/schema\/logo\/image\/\",\"url\":\"https:\/\/www.dyflexis.com\/de\/wp-content\/uploads\/2026\/03\/LinkedIn-Company-Logo.jpg\",\"contentUrl\":\"https:\/\/www.dyflexis.com\/de\/wp-content\/uploads\/2026\/03\/LinkedIn-Company-Logo.jpg\",\"width\":300,\"height\":300,\"caption\":\"Dyflexis\"},\"image\":{\"@id\":\"https:\/\/www.dyflexis.com\/de\/#\/schema\/logo\/image\/\"}},{\"@type\":\"Person\",\"@id\":\"https:\/\/www.dyflexis.com\/de\/#\/schema\/person\/23639ff9745add922a86e03bbb194d98\",\"name\":\"annickvandijk\",\"image\":{\"@type\":\"ImageObject\",\"inLanguage\":\"de\",\"@id\":\"https:\/\/secure.gravatar.com\/avatar\/03790108bdd5bc87d2c945c0f986e1e0cb4f0e70a3414ec7479cb5b95d747c82?s=96&d=mm&r=g\",\"url\":\"https:\/\/secure.gravatar.com\/avatar\/03790108bdd5bc87d2c945c0f986e1e0cb4f0e70a3414ec7479cb5b95d747c82?s=96&d=mm&r=g\",\"contentUrl\":\"https:\/\/secure.gravatar.com\/avatar\/03790108bdd5bc87d2c945c0f986e1e0cb4f0e70a3414ec7479cb5b95d747c82?s=96&d=mm&r=g\",\"caption\":\"annickvandijk\"},\"url\":\"https:\/\/www.dyflexis.com\/de\/author\/annickvandijk\/\"}]}<\/script>","yoast_head_json":{"title":"Skillmanagement \u2013 der Schl\u00fcssel zu besserer Personalplanung und leistungsf\u00e4higeren Teams | Dyflexis","description":"Wenn Teams wachsen, reicht Intuition nicht mehr aus. Skillmanagement hilft Unternehmen, St\u00e4rken zu erkennen, Aufgaben besser zu verteilen und Potenziale voll auszusch\u00f6pfen.","robots":{"index":"index","follow":"follow","max-snippet":"max-snippet:-1","max-image-preview":"max-image-preview:large","max-video-preview":"max-video-preview:-1"},"canonical":"https:\/\/www.dyflexis.com\/de\/skillmanagement-blog\/","og_locale":"de_DE","og_type":"article","og_title":"Skillmanagement \u2013 der Schl\u00fcssel zu besserer Personalplanung und leistungsf\u00e4higeren Teams | Dyflexis","og_description":"Wenn Teams wachsen, reicht Intuition nicht mehr aus. Skillmanagement hilft Unternehmen, St\u00e4rken zu erkennen, Aufgaben besser zu verteilen und Potenziale voll auszusch\u00f6pfen.","og_url":"https:\/\/www.dyflexis.com\/de\/skillmanagement-blog\/","og_site_name":"Dyflexis (DE)","article_published_time":"2026-05-01T14:27:29+00:00","article_modified_time":"2026-05-01T14:44:40+00:00","author":"annickvandijk","twitter_card":"summary_large_image","twitter_misc":{"Verfasst von":"annickvandijk","Gesch\u00e4tzte Lesezeit":"1\u00a0Minute"},"schema":{"@context":"https:\/\/schema.org","@graph":[{"@type":"Article","@id":"https:\/\/www.dyflexis.com\/de\/skillmanagement-blog\/#article","isPartOf":{"@id":"https:\/\/www.dyflexis.com\/de\/skillmanagement-blog\/"},"author":{"name":"annickvandijk","@id":"https:\/\/www.dyflexis.com\/de\/#\/schema\/person\/23639ff9745add922a86e03bbb194d98"},"headline":"Skillmanagement \u2013 der Schl\u00fcssel zu besserer Personalplanung und leistungsf\u00e4higeren Teams","datePublished":"2026-05-01T14:27:29+00:00","dateModified":"2026-05-01T14:44:40+00:00","mainEntityOfPage":{"@id":"https:\/\/www.dyflexis.com\/de\/skillmanagement-blog\/"},"wordCount":11,"publisher":{"@id":"https:\/\/www.dyflexis.com\/de\/#organization"},"image":{"@id":"https:\/\/www.dyflexis.com\/de\/skillmanagement-blog\/#primaryimage"},"thumbnailUrl":"https:\/\/www.dyflexis.com\/de\/wp-content\/uploads\/2026\/05\/header-blog-skills.jpg","articleSection":["Blogs","Uncategorized"],"inLanguage":"de"},{"@type":"WebPage","@id":"https:\/\/www.dyflexis.com\/de\/skillmanagement-blog\/","url":"https:\/\/www.dyflexis.com\/de\/skillmanagement-blog\/","name":"Skillmanagement \u2013 der Schl\u00fcssel zu besserer Personalplanung und leistungsf\u00e4higeren Teams | Dyflexis","isPartOf":{"@id":"https:\/\/www.dyflexis.com\/de\/#website"},"primaryImageOfPage":{"@id":"https:\/\/www.dyflexis.com\/de\/skillmanagement-blog\/#primaryimage"},"image":{"@id":"https:\/\/www.dyflexis.com\/de\/skillmanagement-blog\/#primaryimage"},"thumbnailUrl":"https:\/\/www.dyflexis.com\/de\/wp-content\/uploads\/2026\/05\/header-blog-skills.jpg","datePublished":"2026-05-01T14:27:29+00:00","dateModified":"2026-05-01T14:44:40+00:00","description":"Wenn Teams wachsen, reicht Intuition nicht mehr aus. Skillmanagement hilft Unternehmen, St\u00e4rken zu erkennen, Aufgaben besser zu verteilen und Potenziale voll auszusch\u00f6pfen.","breadcrumb":{"@id":"https:\/\/www.dyflexis.com\/de\/skillmanagement-blog\/#breadcrumb"},"inLanguage":"de","potentialAction":[{"@type":"ReadAction","target":["https:\/\/www.dyflexis.com\/de\/skillmanagement-blog\/"]}]},{"@type":"ImageObject","inLanguage":"de","@id":"https:\/\/www.dyflexis.com\/de\/skillmanagement-blog\/#primaryimage","url":"https:\/\/www.dyflexis.com\/de\/wp-content\/uploads\/2026\/05\/header-blog-skills.jpg","contentUrl":"https:\/\/www.dyflexis.com\/de\/wp-content\/uploads\/2026\/05\/header-blog-skills.jpg"},{"@type":"BreadcrumbList","@id":"https:\/\/www.dyflexis.com\/de\/skillmanagement-blog\/#breadcrumb","itemListElement":[{"@type":"ListItem","position":1,"name":"Home","item":"https:\/\/www.dyflexis.com\/de\/"},{"@type":"ListItem","position":2,"name":"Blogs","item":"https:\/\/www.dyflexis.com\/de\/category\/blog\/"},{"@type":"ListItem","position":3,"name":"Uncategorized","item":"https:\/\/www.dyflexis.com\/de\/category\/blog\/uncategorized\/"},{"@type":"ListItem","position":4,"name":"Skillmanagement \u2013 der Schl\u00fcssel zu besserer Personalplanung und leistungsf\u00e4higeren Teams"}]},{"@type":"WebSite","@id":"https:\/\/www.dyflexis.com\/de\/#website","url":"https:\/\/www.dyflexis.com\/de\/","name":"Dyflexis","description":"Dyflexis Workforce Management | Bigger Together","publisher":{"@id":"https:\/\/www.dyflexis.com\/de\/#organization"},"alternateName":"Dyflexis Workforce Management","potentialAction":[{"@type":"SearchAction","target":{"@type":"EntryPoint","urlTemplate":"https:\/\/www.dyflexis.com\/de\/?s={search_term_string}"},"query-input":{"@type":"PropertyValueSpecification","valueRequired":true,"valueName":"search_term_string"}}],"inLanguage":"de"},{"@type":"Organization","@id":"https:\/\/www.dyflexis.com\/de\/#organization","name":"Dyflexis","alternateName":"Dyflexis Workforce Management","url":"https:\/\/www.dyflexis.com\/de\/","logo":{"@type":"ImageObject","inLanguage":"de","@id":"https:\/\/www.dyflexis.com\/de\/#\/schema\/logo\/image\/","url":"https:\/\/www.dyflexis.com\/de\/wp-content\/uploads\/2026\/03\/LinkedIn-Company-Logo.jpg","contentUrl":"https:\/\/www.dyflexis.com\/de\/wp-content\/uploads\/2026\/03\/LinkedIn-Company-Logo.jpg","width":300,"height":300,"caption":"Dyflexis"},"image":{"@id":"https:\/\/www.dyflexis.com\/de\/#\/schema\/logo\/image\/"}},{"@type":"Person","@id":"https:\/\/www.dyflexis.com\/de\/#\/schema\/person\/23639ff9745add922a86e03bbb194d98","name":"annickvandijk","image":{"@type":"ImageObject","inLanguage":"de","@id":"https:\/\/secure.gravatar.com\/avatar\/03790108bdd5bc87d2c945c0f986e1e0cb4f0e70a3414ec7479cb5b95d747c82?s=96&d=mm&r=g","url":"https:\/\/secure.gravatar.com\/avatar\/03790108bdd5bc87d2c945c0f986e1e0cb4f0e70a3414ec7479cb5b95d747c82?s=96&d=mm&r=g","contentUrl":"https:\/\/secure.gravatar.com\/avatar\/03790108bdd5bc87d2c945c0f986e1e0cb4f0e70a3414ec7479cb5b95d747c82?s=96&d=mm&r=g","caption":"annickvandijk"},"url":"https:\/\/www.dyflexis.com\/de\/author\/annickvandijk\/"}]}},"_links":{"self":[{"href":"https:\/\/www.dyflexis.com\/de\/wp-json\/wp\/v2\/posts\/27891","targetHints":{"allow":["GET"]}}],"collection":[{"href":"https:\/\/www.dyflexis.com\/de\/wp-json\/wp\/v2\/posts"}],"about":[{"href":"https:\/\/www.dyflexis.com\/de\/wp-json\/wp\/v2\/types\/post"}],"author":[{"embeddable":true,"href":"https:\/\/www.dyflexis.com\/de\/wp-json\/wp\/v2\/users\/23"}],"replies":[{"embeddable":true,"href":"https:\/\/www.dyflexis.com\/de\/wp-json\/wp\/v2\/comments?post=27891"}],"version-history":[{"count":6,"href":"https:\/\/www.dyflexis.com\/de\/wp-json\/wp\/v2\/posts\/27891\/revisions"}],"predecessor-version":[{"id":27930,"href":"https:\/\/www.dyflexis.com\/de\/wp-json\/wp\/v2\/posts\/27891\/revisions\/27930"}],"wp:featuredmedia":[{"embeddable":true,"href":"https:\/\/www.dyflexis.com\/de\/wp-json\/"}],"wp:attachment":[{"href":"https:\/\/www.dyflexis.com\/de\/wp-json\/wp\/v2\/media?parent=27891"}],"wp:term":[{"taxonomy":"category","embeddable":true,"href":"https:\/\/www.dyflexis.com\/de\/wp-json\/wp\/v2\/categories?post=27891"},{"taxonomy":"post_tag","embeddable":true,"href":"https:\/\/www.dyflexis.com\/de\/wp-json\/wp\/v2\/tags?post=27891"}],"curies":[{"name":"wp","href":"https:\/\/api.w.org\/{rel}","templated":true}]}}