{"id":27883,"date":"2026-05-01T13:56:52","date_gmt":"2026-05-01T11:56:52","guid":{"rendered":"https:\/\/www.dyflexis.com\/de\/?p=27883"},"modified":"2026-05-01T16:25:43","modified_gmt":"2026-05-01T14:25:43","slug":"9-felder-matrix","status":"publish","type":"post","link":"https:\/\/www.dyflexis.com\/de\/9-felder-matrix\/","title":{"rendered":"Die 9 Felder Matrix: Talentmanagement f\u00fcr Non-Desk- und Fronteline-Teams"},"content":{"rendered":"\n<div class=\"block__background  container-padding-mobile lg:container-padding-desktop break-container-padding tw-relative tw-bg-transparent tw-pt-[40px] tw-pb-[40px] tw-bg-cover tw-bg-no-repeat 3xl:!tw-bg-none\" style=\"\">\n\t\n\t\n\t<div class=\"block__background__content tw-w-full tw-mx-auto tw-max-w-[1352px] tw-relative tw-z-10\">\n\t\t<div class=\"block__background__columns__container tw-flex tw-flex-col tw-flex tw-flex-col tw-gap-[40px] lg:tw-gap-[80px]\">\n\n\n<div class=\"text-block vertical-grow-allowed tw-flex tw-flex-col tw-gap-5 md:tw-gap-10  \">\n\t\n\t\t\t<div class=\"text-block__content wysiwyg__content\">\n\t\t\t<div class=\"wysiwyg__content\"><p><strong>Personaleinsatzplanung ist l\u00e4ngst mehr als einfach nur Dienstpl\u00e4ne erstellen: Es geht um Talentmanagement. Und genau dabei hilft Ihnen die <em>9 Felder Matrix<\/em>, auch bekannt als 9 Box Grid, Talent-Matrix oder Performance Potential Matrix. Sie erhalten damit eine einfach verst\u00e4ndliche, visuelle \u00dcbersicht \u00fcber Ihre Mitarbeitenden und k\u00f6nnen Einsatz, Personalentwicklung und auch die Nachfolge zielgerichtet managen. <\/strong><\/p>\n<\/div>\t\t<\/div>\n\t\t\n\t<\/div>\n<\/div>\n\t<\/div>\n\n    <\/div>\n\n\n\n<div class=\"block__background  container-padding-mobile lg:container-padding-desktop break-container-padding tw-relative tw-bg-transparent tw-pt-0 tw-pb-[80px] tw-bg-cover tw-bg-no-repeat 3xl:!tw-bg-none\" style=\"\">\n\t\n\t        <div class=\"tw-absolute glow__block tw-pointer-events-none tw-top-[50%] tw-translate-y-[-50%] tw-scale-x-[-1] tw-translate-x-[-64%] sm:tw-translate-x-[-44%] md:tw-translate-x-[-28%] lg:tw-translate-x-[3%] 3xl:tw-translate-x-[-6%]\">\n            <img decoding=\"async\" src=\"https:\/\/www.dyflexis.com\/de\/wp-content\/themes\/dyflexis-wp-child-theme\/assets\/images\/gradients\/gradient_03.svg\" class=\"tw-max-w-none\" alt=\"Hintergrundgl\u00fchen\"\/>\n        <\/div>\n\t\n\t<div class=\"block__background__content tw-w-full tw-mx-auto tw-max-w-[1352px] tw-relative tw-z-10\">\n\t\t<div class=\"block__background__columns__container tw-flex tw-flex-col tw-flex tw-flex-col tw-gap-[40px] lg:tw-gap-[80px]\">\n\n<div class=\"wp-block-columns layout-asymmetric-left-right is-layout-flex wp-container-core-columns-is-layout-9d6595d7 wp-block-columns-is-layout-flex\">\n<div class=\"wp-block-column is-vertically-aligned-center column-41 is-layout-flow wp-block-column-is-layout-flow\" style=\"flex-basis:41%\">\n\n<div class=\"text-block vertical-grow-allowed tw-flex tw-flex-col tw-gap-5 md:tw-gap-10  \">\n\t\t\t<div class=\"text-block__title-wrapper tw-flex tw-flex-col tw-items-start md:tw-flex-row tw-flex-wrap md:tw-items-center tw-justify-between tw-gap-4\">\n\t\t\t\t\t\t\t<h2 class=\" tw-m-0\">\n\t\t\t\t\t\t\t\t\t\tWas ist die 9 Felder Matrix?\t\t\t\t<\/h2>\n\t\t\t\n\t\t\t\t\t<\/div>\n\t\n\t\t\t<div class=\"text-block__content wysiwyg__content\">\n\t\t\t<div class=\"wysiwyg__content\"><p>Die 9 Felder Matrix ist ein <strong>Bewertungsmodell<\/strong>, das Mitarbeitende anhand von zwei Aspekten einsch\u00e4tzt: ihrer Leistung und ihrem Potenzial. St\u00e4rken, Entwicklungsm\u00f6glichkeiten und m\u00f6gliche Herausforderungen werden so schnell deutlich. Eine gute Basis f\u00fcr Personalgespr\u00e4che und -entscheidungen.<\/p>\n<p>Seinen Ursprung hat die auch 9 Box Grid genannte Matrix in den 1970er Jahren: Die Unternehmensberatung McKinsey entwickelte sie f\u00fcr den US-amerikanischen Konzern General Electric. Urspr\u00fcnglich als strategisches Tool zur Leistungsbewertung gedacht, ist das 9 Grid Modell heute l\u00e4ngst weiterentwickelt und fest im Talentmanagement verankert.<\/p>\n<p>Dyflexis hat eine Variante der Talent-Matrix entwickelt, die besser zu Non-Desk- und Frontline-Mitarbeitenden passt: <strong>Leistung<\/strong> im Verh\u00e4ltnis zu <strong>Einstellung &amp; Verhalten<\/strong>. Dadurch sehen Sie auch, wie die Person mit anderen zusammenarbeitet, ob sie Verantwortung \u00fcbernimmt, andere unterst\u00fctzt und zur Stabilit\u00e4t im Team beitr\u00e4gt.<\/p>\n<\/div>\t\t<\/div>\n\t\t\n\t<\/div><\/div>\n\n\n\n<div class=\"wp-block-column is-vertically-aligned-center spacer-column column-9 is-layout-flow wp-block-column-is-layout-flow\" style=\"flex-basis:9%\"><\/div>\n\n\n\n<div class=\"wp-block-column is-vertically-aligned-center column-50 is-layout-flow wp-block-column-is-layout-flow column--has-image\" style=\"flex-basis:50%\">\n<figure class=\"wp-block-image size-full\"><img loading=\"lazy\" width=\"666\" height=\"640\" decoding=\"async\" src=\"https:\/\/www.dyflexis.com\/nl\/wp-content\/uploads\/2026\/04\/9-Grid-1.png\" alt=\"\" class=\"wp-image-27880\"\/><\/figure>\n<\/div>\n<\/div>\n\n\n\n<div class=\"wp-block-columns layout-two-columns is-layout-flex wp-container-core-columns-is-layout-9d6595d7 wp-block-columns-is-layout-flex\">\n<div class=\"wp-block-column is-vertically-aligned-center column-50 is-layout-flow wp-block-column-is-layout-flow\">\n\n<div class=\"text-block vertical-grow-allowed tw-flex tw-flex-col tw-gap-5 md:tw-gap-10  \">\n\t\n\t\t\t<div class=\"text-block__content wysiwyg__content\">\n\t\t\t<div class=\"wysiwyg__content\"><p>Genau wie die klassische Talent-Matrix hat auch das 9 Grid Modell von Dyflexis zwei Achsen mit jeweils drei Niveaus: niedrig, mittel und hoch. Eine Achse misst die Leistung, die andere die Einstellung und das Verhalten eines Teammitglieds. Damit weichen wir bewusst vom klassischen 9 Grid Modell ab, denn Potenzial l\u00e4sst sich bei vielen Frontline-Rollen nur schwer erfassen. Deutlich erkennbar ist aber, ob jemand Absprachen einh\u00e4lt, andere unterst\u00fctzt, auch in stressigen Phasen verl\u00e4sslich bleibt, Verantwortung \u00fcbernimmt und gut ins Team passt. Und genau diese Kriterien beeinflussen unmittelbar die Arbeitsleistung und Dynamik im Team ebenso wie die Erfahrung der Kunden mit Ihrem Unternehmen.<\/p>\n<\/div>\t\t<\/div>\n\t\t\n\t<\/div><\/div>\n\n\n\n<div class=\"wp-block-column is-vertically-aligned-center column-50 is-layout-flow wp-block-column-is-layout-flow\">\n\n<div class=\"text-block vertical-grow-allowed tw-flex tw-flex-col tw-gap-5 md:tw-gap-10  \">\n\t\n\t\t\t<div class=\"text-block__content wysiwyg__content\">\n\t\t\t<div class=\"wysiwyg__content\"><h3>Einstellung &amp; Verhalten: Wie arbeitet eine Person im Team?<\/h3>\n<\/div>\t\t<\/div>\n\t\t\n\t<\/div><\/div>\n<\/div>\n\n<\/div>\n\t<\/div>\n\n    <\/div>\n\n\n\n<div class=\"block__background  container-padding-mobile lg:container-padding-desktop break-container-padding tw-relative tw-bg-transparent tw-pt-0 tw-pb-0 tw-bg-cover tw-bg-no-repeat 3xl:!tw-bg-none\" style=\"\">\n\t\n\t        <div class=\"tw-absolute glow__block tw-pointer-events-none tw-top-[50%] tw-translate-y-[-50%]  tw-translate-x-[-30%] 3xl:tw-translate-x-[-22%]\">\n            <img decoding=\"async\" src=\"https:\/\/www.dyflexis.com\/de\/wp-content\/themes\/dyflexis-wp-child-theme\/assets\/images\/gradients\/gradient_03.svg\" class=\"tw-max-w-none\" alt=\"Hintergrundgl\u00fchen\"\/>\n        <\/div>\n\t\n\t<div class=\"block__background__content tw-w-full tw-mx-auto tw-max-w-[1352px] tw-relative tw-z-10\">\n\t\t<div class=\"block__background__columns__container tw-flex tw-flex-col tw-flex tw-flex-col tw-gap-[20px] lg:tw-gap-[40px]\">\n\n<div class=\"wp-block-columns layout-asymmetric-right-left is-layout-flex wp-container-core-columns-is-layout-9d6595d7 wp-block-columns-is-layout-flex\">\n<div class=\"wp-block-column is-vertically-aligned-center column-50 is-layout-flow wp-block-column-is-layout-flow\" style=\"flex-basis:50%\">\n\n<div class=\"text-block vertical-grow-allowed tw-flex tw-flex-col tw-gap-5 md:tw-gap-10  \">\n\t\t\t<div class=\"text-block__title-wrapper tw-flex tw-flex-col tw-items-start md:tw-flex-row tw-flex-wrap md:tw-items-center tw-justify-between tw-gap-4\">\n\t\t\t\t\t\t\t<h2 class=\" tw-m-0\">\n\t\t\t\t\t\t\t\t\t\tWof\u00fcr kann ich die die 9 Felder Matrix konkret nutzen?\t\t\t\t<\/h2>\n\t\t\t\n\t\t\t\t\t<\/div>\n\t\n\t\t\t<div class=\"text-block__content wysiwyg__content\">\n\t\t\t<div class=\"wysiwyg__content\"><p>Mit der 9 Felder Matrix machen Sie Kompetenzen sicht- und greifbar. Das Modell unterst\u00fctzt Sie beim Talentmanagement, bei der Nachfolgeplanung, bei Personalgespr\u00e4chen sowie bei konkreten Entscheidungen \u00fcber Coachings, Schulungen oder Weiterbildungen. Dank der \u00fcbersichtlichen Grafik sehen Sie schneller, wo Potenzial steckt, wo Risiken liegen und auf wen Sie sich im Team verlassen k\u00f6nnen.<\/p>\n<p>Besonders wertvoll ist die Performance Potenzial Matrix f\u00fcr Mitarbeitergespr\u00e4che. Sie hilft Ihnen, genauer hinzuschauen und die richtigen Themen anzusprechen. <span>Bringt jemand gute Leistung, sorgt aber gleichzeitig f\u00fcr Unruhe im Team? Dann sollten Sie gemeinsam daran arbeiten. Erzielt jemand noch nicht die besten Ergebnisse, arbeitet aber sehr zuverl\u00e4ssig, lernt schnell und unterst\u00fctzt das Team? Dann k\u00f6nnen Sie dieses Entwicklungspotenzial gezielt nutzen.<\/span><\/p>\n<\/div>\t\t<\/div>\n\t\t\n\t<\/div><\/div>\n\n\n\n<div class=\"wp-block-column is-vertically-aligned-center spacer-column column-9 is-layout-flow wp-block-column-is-layout-flow\" style=\"flex-basis:9%\"><\/div>\n\n\n\n<div class=\"wp-block-column is-vertically-aligned-center column-41 is-layout-flow wp-block-column-is-layout-flow column--has-image\" style=\"flex-basis:41%\">\n<figure class=\"wp-block-image size-full\"><img loading=\"lazy\" decoding=\"async\" width=\"666\" height=\"640\" src=\"https:\/\/www.dyflexis.com\/de\/wp-content\/uploads\/2026\/05\/Small-DE.png\" alt=\"\" class=\"wp-image-30464\" srcset=\"https:\/\/www.dyflexis.com\/de\/wp-content\/uploads\/2026\/05\/Small-DE.png 666w, https:\/\/www.dyflexis.com\/de\/wp-content\/uploads\/2026\/05\/Small-DE-300x288.png 300w, https:\/\/www.dyflexis.com\/de\/wp-content\/uploads\/2026\/05\/Small-DE-640x615.png 640w, https:\/\/www.dyflexis.com\/de\/wp-content\/uploads\/2026\/05\/Small-DE-113x109.png 113w, https:\/\/www.dyflexis.com\/de\/wp-content\/uploads\/2026\/05\/Small-DE-415x399.png 415w, https:\/\/www.dyflexis.com\/de\/wp-content\/uploads\/2026\/05\/Small-DE-250x240.png 250w, https:\/\/www.dyflexis.com\/de\/wp-content\/uploads\/2026\/05\/Small-DE-380x365.png 380w, https:\/\/www.dyflexis.com\/de\/wp-content\/uploads\/2026\/05\/Small-DE-450x432.png 450w, https:\/\/www.dyflexis.com\/de\/wp-content\/uploads\/2026\/05\/Small-DE-34x33.png 34w, https:\/\/www.dyflexis.com\/de\/wp-content\/uploads\/2026\/05\/Small-DE-40x38.png 40w\" sizes=\"auto, (max-width: 666px) 100vw, 666px\" \/><\/figure>\n<\/div>\n<\/div>\n\n<\/div>\n\t<\/div>\n\n    <\/div>\n\n\n\n<div class=\"block__background  container-padding-mobile lg:container-padding-desktop break-container-padding tw-relative tw-bg-transparent tw-pt-[80px] tw-pb-[80px] tw-bg-cover tw-bg-no-repeat 3xl:!tw-bg-none\" style=\"\">\n\t\n\t        <div class=\"tw-absolute glow__block tw-pointer-events-none tw-top-[50%] tw-translate-y-[-50%]  tw-translate-x-[-30%] 3xl:tw-translate-x-[-22%]\">\n            <img decoding=\"async\" src=\"https:\/\/www.dyflexis.com\/de\/wp-content\/themes\/dyflexis-wp-child-theme\/assets\/images\/gradients\/gradient_03.svg\" class=\"tw-max-w-none\" alt=\"Hintergrundgl\u00fchen\"\/>\n        <\/div>\n\t\n\t<div class=\"block__background__content tw-w-full tw-mx-auto tw-max-w-[1352px] tw-relative tw-z-10\">\n\t\t<div class=\"block__background__columns__container tw-flex tw-flex-col tw-flex tw-flex-col tw-gap-[40px] lg:tw-gap-[80px]\">\n\n<div class=\"wp-block-columns layout-asymmetric-right-left is-layout-flex wp-container-core-columns-is-layout-9d6595d7 wp-block-columns-is-layout-flex\">\n<div class=\"wp-block-column is-vertically-aligned-center column-50 is-layout-flow wp-block-column-is-layout-flow\" style=\"flex-basis:50%\">\n\n<div class=\"text-block vertical-grow-allowed tw-flex tw-flex-col tw-gap-5 md:tw-gap-10  \">\n\t\t\t<div class=\"text-block__title-wrapper tw-flex tw-flex-col tw-items-start md:tw-flex-row tw-flex-wrap md:tw-items-center tw-justify-between tw-gap-4\">\n\t\t\t\t\t\t\t<h2 class=\" tw-m-0\">\n\t\t\t\t\t\t\t\t\t\tWie nutzen Sie 9 Box Grid in der Praxis?\t\t\t\t<\/h2>\n\t\t\t\n\t\t\t\t\t<\/div>\n\t\n\t\t\t<div class=\"text-block__content wysiwyg__content\">\n\t\t\t<div class=\"wysiwyg__content\"><p>9 Box Grid ist ganz einfach in der Anwendung. F\u00fchrungskr\u00e4fte m\u00fcssen die Matrix nicht selbst ausf\u00fcllen. Stattdessen beurteilen Sie einfach die Leistung eines Teammitglieds mit 1, 2 oder 3 Sternen. Und bewerten danach genauso die Einstellung und das Verhalten der Person. Das System sortiert sie dann \u00a0automatisch im passenden Feld des 9 Box Grid ein.<\/p>\n<p>Der Vorteil: F\u00fchrungskr\u00e4fte geben ihre Einsch\u00e4tzung ohne gro\u00dfen Aufwand ab \u2013 ohne lange Texte oder aufwendige Bewertungen. Das spart Zeit und sorgt gleichzeitig f\u00fcr eine klare, visuelle \u00dcbersicht \u00fcber das Team.<\/p>\n<p>Doch \u00dcbersicht ist nicht alles. Das volle Potenzial entfaltet \u00a0die Performance Potential Matrix im Mitarbeitergespr\u00e4ch. Nutzen Sie die Bewertung als Anlass, um Leistung, Teamf\u00e4higkeit und Entwicklungsm\u00f6glichkeiten zu besprechen und legen Sie gemeinsam konkrete Schritte fest. Wenn Sie das regelm\u00e4\u00dfig wiederholen, sehen Sie in der Matrix schnell, wie sich Mitarbeitende entwickeln.<\/p>\n<\/div>\t\t<\/div>\n\t\t\n\t<\/div><\/div>\n\n\n\n<div class=\"wp-block-column is-vertically-aligned-center spacer-column column-9 is-layout-flow wp-block-column-is-layout-flow\" style=\"flex-basis:9%\"><\/div>\n\n\n\n<div class=\"wp-block-column is-vertically-aligned-center column-41 is-layout-flow wp-block-column-is-layout-flow\" style=\"flex-basis:41%\">\n\n<div class=\"text-block vertical-grow-allowed tw-flex tw-flex-col tw-gap-5 md:tw-gap-10  \">\n\t\t\t<div class=\"text-block__title-wrapper tw-flex tw-flex-col tw-items-start md:tw-flex-row tw-flex-wrap md:tw-items-center tw-justify-between tw-gap-4\">\n\t\t\t\t\t\t\t<h2 class=\" tw-m-0\">\n\t\t\t\t\t\t\t\t\t\tDas volle Potenzial entfaltet 9 Box Grid im Mitarbeitergespr\u00e4ch. \t\t\t\t<\/h2>\n\t\t\t\n\t\t\t\t\t<\/div>\n\t\n\t\t\n\t<\/div><\/div>\n<\/div>\n\n\n\n<figure class=\"wp-block-image aligncenter size-large\"><img loading=\"lazy\" decoding=\"async\" width=\"1024\" height=\"619\" src=\"https:\/\/www.dyflexis.com\/de\/wp-content\/uploads\/2026\/05\/9-grid-descriptions-DE-1024x619.png\" alt=\"\" class=\"wp-image-30542\" srcset=\"https:\/\/www.dyflexis.com\/de\/wp-content\/uploads\/2026\/05\/9-grid-descriptions-DE-1024x619.png 1024w, https:\/\/www.dyflexis.com\/de\/wp-content\/uploads\/2026\/05\/9-grid-descriptions-DE-300x181.png 300w, https:\/\/www.dyflexis.com\/de\/wp-content\/uploads\/2026\/05\/9-grid-descriptions-DE-768x464.png 768w, https:\/\/www.dyflexis.com\/de\/wp-content\/uploads\/2026\/05\/9-grid-descriptions-DE-640x387.png 640w, https:\/\/www.dyflexis.com\/de\/wp-content\/uploads\/2026\/05\/9-grid-descriptions-DE-180x109.png 180w, https:\/\/www.dyflexis.com\/de\/wp-content\/uploads\/2026\/05\/9-grid-descriptions-DE-746x451.png 746w, https:\/\/www.dyflexis.com\/de\/wp-content\/uploads\/2026\/05\/9-grid-descriptions-DE-950x574.png 950w, https:\/\/www.dyflexis.com\/de\/wp-content\/uploads\/2026\/05\/9-grid-descriptions-DE-1016x614.png 1016w, https:\/\/www.dyflexis.com\/de\/wp-content\/uploads\/2026\/05\/9-grid-descriptions-DE-415x251.png 415w, https:\/\/www.dyflexis.com\/de\/wp-content\/uploads\/2026\/05\/9-grid-descriptions-DE-250x151.png 250w, https:\/\/www.dyflexis.com\/de\/wp-content\/uploads\/2026\/05\/9-grid-descriptions-DE-380x230.png 380w, https:\/\/www.dyflexis.com\/de\/wp-content\/uploads\/2026\/05\/9-grid-descriptions-DE-450x272.png 450w, https:\/\/www.dyflexis.com\/de\/wp-content\/uploads\/2026\/05\/9-grid-descriptions-DE-55x33.png 55w, https:\/\/www.dyflexis.com\/de\/wp-content\/uploads\/2026\/05\/9-grid-descriptions-DE-40x24.png 40w, https:\/\/www.dyflexis.com\/de\/wp-content\/uploads\/2026\/05\/9-grid-descriptions-DE-817x494.png 817w, https:\/\/www.dyflexis.com\/de\/wp-content\/uploads\/2026\/05\/9-grid-descriptions-DE.png 1300w\" sizes=\"auto, (max-width: 1024px) 100vw, 1024px\" \/><\/figure>\n\n\n\n\n<div class=\"text-block vertical-grow-allowed tw-flex tw-flex-col tw-gap-5 md:tw-gap-10  \">\n\t\t\t<div class=\"text-block__title-wrapper tw-flex tw-flex-col tw-items-start md:tw-flex-row tw-flex-wrap md:tw-items-center tw-justify-between tw-gap-4\">\n\t\t\t\t\t\t\t<h2 class=\" tw-m-0\">\n\t\t\t\t\t\t\t\t\t\tWas sind die Vorteile der 9 Felder Matrix?\t\t\t\t<\/h2>\n\t\t\t\n\t\t\t\t\t<\/div>\n\t\n\t\t\n\t<\/div>\n\n\n<div class=\"wp-block-columns layout-three-columns is-layout-flex wp-container-core-columns-is-layout-9d6595d7 wp-block-columns-is-layout-flex\">\n<div class=\"wp-block-column is-vertically-aligned-top is-layout-flow wp-block-column-is-layout-flow\">\n\n<div class=\"text-block vertical-grow-allowed tw-flex tw-flex-col tw-gap-5 md:tw-gap-10  \">\n\t\t\t<div class=\"text-block__title-wrapper tw-flex tw-flex-col tw-items-start md:tw-flex-row tw-flex-wrap md:tw-items-center tw-justify-between tw-gap-4\">\n\t\t\t\t\t\t\t<h2 class=\" tw-m-0\">\n\t\t\t\t\t\t\t\t\t\tEinfach &#038; schnell bewerten \u2013 ohne Papierchaos<br \/>\r\n\t\t\t\t<\/h2>\n\t\t\t\n\t\t\t\t\t<\/div>\n\t\n\t\t\t<div class=\"text-block__content wysiwyg__content\">\n\t\t\t<div class=\"wysiwyg__content\"><p>F\u00fchrungskr\u00e4fte bewerten Mitarbeitende digital. Keine langen Formulare, keine ausf\u00fchrlichen Berichte, keine lose Zettelwirtschaft mehr. Einfach Sterne f\u00fcr Leistung sowie Einstellung &amp; Verhalten vergeben und schon zeigt Ihnen die 9 Felder Matrix ein klares Bild. Das spart Zeit und macht es einfach, Bewertungen regelm\u00e4\u00dfig durchzuf\u00fchren.<\/p>\n<\/div>\t\t<\/div>\n\t\t\n\t<\/div><\/div>\n\n\n\n<div class=\"wp-block-column is-vertically-aligned-top is-layout-flow wp-block-column-is-layout-flow\">\n\n<div class=\"text-block vertical-grow-allowed tw-flex tw-flex-col tw-gap-5 md:tw-gap-10  \">\n\t\t\t<div class=\"text-block__title-wrapper tw-flex tw-flex-col tw-items-start md:tw-flex-row tw-flex-wrap md:tw-items-center tw-justify-between tw-gap-4\">\n\t\t\t\t\t\t\t<h2 class=\" tw-m-0\">\n\t\t\t\t\t\t\t\t\t\tKomplettes Bild des gesamten Unternehmens\t\t\t\t<\/h2>\n\t\t\t\n\t\t\t\t\t<\/div>\n\t\n\t\t\t<div class=\"text-block__content wysiwyg__content\">\n\t\t\t<div class=\"wysiwyg__content\"><p>Wer Leistung sowie Einstellung &amp; Verhalten zusammen betrachtet, erh\u00e4lt ein vollst\u00e4ndigeres Bild. Sie erkennen nicht nur, wer gute Ergebnisse liefert, sondern auch, wer das Team st\u00e4rkt. So k\u00f6nnen Sie die Qualit\u00e4t von jeder Abteilung und jedem Standort gezielt steuern.<\/p>\n<\/div>\t\t<\/div>\n\t\t\n\t<\/div><\/div>\n\n\n\n<div class=\"wp-block-column is-vertically-aligned-top is-layout-flow wp-block-column-is-layout-flow\">\n\n<div class=\"text-block vertical-grow-allowed tw-flex tw-flex-col tw-gap-5 md:tw-gap-10  \">\n\t\t\t<div class=\"text-block__title-wrapper tw-flex tw-flex-col tw-items-start md:tw-flex-row tw-flex-wrap md:tw-items-center tw-justify-between tw-gap-4\">\n\t\t\t\t\t\t\t<h2 class=\" tw-m-0\">\n\t\t\t\t\t\t\t\t\t\tVer\u00e4nderungen <br \/>\r\nfr\u00fch erkennen\t\t\t\t<\/h2>\n\t\t\t\n\t\t\t\t\t<\/div>\n\t\n\t\t\t<div class=\"text-block__content wysiwyg__content\">\n\t\t\t<div class=\"wysiwyg__content\"><p>Die 9 Felder Matrix l\u00e4sst sich schnell und einfach ausf\u00fcllen. Dadurch k\u00f6nnen Sie Ihr Personal h\u00e4ufiger beurteilen. Einige Unternehmen Organisationen machen das bereits quartalsweise. So erkennen Sie fr\u00fch, wo es R\u00fcckschritte gibt und wer zus\u00e4tzliche Aufmerksamkeit braucht. Das hilft Ihnen, rechtzeitig gegenzusteuern und gezielt Gespr\u00e4che zu f\u00fchren.<\/p>\n<\/div>\t\t<\/div>\n\t\t\n\t<\/div><\/div>\n<\/div>\n\n\n\n\n<div class=\"text-block vertical-grow-allowed tw-flex tw-flex-col tw-gap-5 md:tw-gap-10  \">\n\t\n\t\t\t<div class=\"text-block__content wysiwyg__content\">\n\t\t\t<div class=\"wysiwyg__content\"><p>M\u00f6chten Sie eine Performance Potential Matrix in Ihrem Unternehmen einsetzen? Wir tauschen uns gern mit Ihnen aus und entwickeln gemeinsam einen Ansatz, der zu Ihren Abl\u00e4ufen passt.<\/p>\n<\/div>\t\t<\/div>\n\t\t\n\t<\/div>\n<\/div>\n\t<\/div>\n\n    <\/div>\n","protected":false},"excerpt":{"rendered":"","protected":false},"author":17,"featured_media":30498,"comment_status":"closed","ping_status":"open","sticky":false,"template":"","format":"standard","meta":{"_acf_changed":false,"inline_featured_image":false,"editor_notices":[],"footnotes":""},"categories":[1],"tags":[],"class_list":["post-27883","post","type-post","status-publish","format-standard","has-post-thumbnail","hentry","category-uncategorized"],"acf":[],"yoast_head":"<title>Die 9 Felder Matrix: Talentmanagement f\u00fcr Non-Desk- und Fronteline-Teams | Dyflexis<\/title>\n<meta name=\"description\" content=\"Was ist die 9-Felder-Matrix? Entdecken Sie, warum sich dieses HR-Tool \u00fcber die Jahre als unverzichtbares Instrument im Talentmanagement bew\u00e4hrt hat.\" \/>\n<meta name=\"robots\" content=\"index, follow, max-snippet:-1, max-image-preview:large, max-video-preview:-1\" \/>\n<link rel=\"canonical\" href=\"https:\/\/www.dyflexis.com\/de\/9-felder-matrix\/\" \/>\n<meta property=\"og:locale\" content=\"de_DE\" \/>\n<meta property=\"og:type\" content=\"article\" \/>\n<meta property=\"og:title\" content=\"Die 9 Felder Matrix: Talentmanagement f\u00fcr Non-Desk- und Fronteline-Teams | Dyflexis\" \/>\n<meta property=\"og:description\" content=\"Was ist die 9-Felder-Matrix? Entdecken Sie, warum sich dieses HR-Tool \u00fcber die Jahre als unverzichtbares Instrument im Talentmanagement bew\u00e4hrt hat.\" \/>\n<meta property=\"og:url\" content=\"https:\/\/www.dyflexis.com\/de\/9-felder-matrix\/\" \/>\n<meta property=\"og:site_name\" content=\"Dyflexis (DE)\" \/>\n<meta property=\"article:published_time\" content=\"2026-05-01T11:56:52+00:00\" \/>\n<meta property=\"article:modified_time\" content=\"2026-05-01T14:25:43+00:00\" \/>\n<meta name=\"author\" content=\"wouter\" \/>\n<meta name=\"twitter:card\" content=\"summary_large_image\" \/>\n<meta name=\"twitter:label1\" content=\"Verfasst von\" \/>\n\t<meta name=\"twitter:data1\" content=\"wouter\" \/>\n\t<meta name=\"twitter:label2\" content=\"Gesch\u00e4tzte Lesezeit\" \/>\n\t<meta name=\"twitter:data2\" content=\"1\u00a0Minute\" \/>\n<script type=\"application\/ld+json\" class=\"yoast-schema-graph\">{\"@context\":\"https:\/\/schema.org\",\"@graph\":[{\"@type\":\"Article\",\"@id\":\"https:\/\/www.dyflexis.com\/de\/9-felder-matrix\/#article\",\"isPartOf\":{\"@id\":\"https:\/\/www.dyflexis.com\/de\/9-felder-matrix\/\"},\"author\":{\"name\":\"wouter\",\"@id\":\"https:\/\/www.dyflexis.com\/de\/#\/schema\/person\/eced5d63665d5cdf552a5b68d7dabe27\"},\"headline\":\"Die 9 Felder Matrix: Talentmanagement f\u00fcr Non-Desk- und Fronteline-Teams\",\"datePublished\":\"2026-05-01T11:56:52+00:00\",\"dateModified\":\"2026-05-01T14:25:43+00:00\",\"mainEntityOfPage\":{\"@id\":\"https:\/\/www.dyflexis.com\/de\/9-felder-matrix\/\"},\"wordCount\":9,\"publisher\":{\"@id\":\"https:\/\/www.dyflexis.com\/de\/#organization\"},\"image\":{\"@id\":\"https:\/\/www.dyflexis.com\/de\/9-felder-matrix\/#primaryimage\"},\"thumbnailUrl\":\"https:\/\/www.dyflexis.com\/de\/wp-content\/uploads\/2026\/05\/header-blog-performance.jpg\",\"articleSection\":[\"Uncategorized\"],\"inLanguage\":\"de\"},{\"@type\":\"WebPage\",\"@id\":\"https:\/\/www.dyflexis.com\/de\/9-felder-matrix\/\",\"url\":\"https:\/\/www.dyflexis.com\/de\/9-felder-matrix\/\",\"name\":\"Die 9 Felder Matrix: Talentmanagement f\u00fcr Non-Desk- und Fronteline-Teams | Dyflexis\",\"isPartOf\":{\"@id\":\"https:\/\/www.dyflexis.com\/de\/#website\"},\"primaryImageOfPage\":{\"@id\":\"https:\/\/www.dyflexis.com\/de\/9-felder-matrix\/#primaryimage\"},\"image\":{\"@id\":\"https:\/\/www.dyflexis.com\/de\/9-felder-matrix\/#primaryimage\"},\"thumbnailUrl\":\"https:\/\/www.dyflexis.com\/de\/wp-content\/uploads\/2026\/05\/header-blog-performance.jpg\",\"datePublished\":\"2026-05-01T11:56:52+00:00\",\"dateModified\":\"2026-05-01T14:25:43+00:00\",\"description\":\"Was ist die 9-Felder-Matrix? Entdecken Sie, warum sich dieses HR-Tool \u00fcber die Jahre als unverzichtbares Instrument im Talentmanagement bew\u00e4hrt hat.\",\"breadcrumb\":{\"@id\":\"https:\/\/www.dyflexis.com\/de\/9-felder-matrix\/#breadcrumb\"},\"inLanguage\":\"de\",\"potentialAction\":[{\"@type\":\"ReadAction\",\"target\":[\"https:\/\/www.dyflexis.com\/de\/9-felder-matrix\/\"]}]},{\"@type\":\"ImageObject\",\"inLanguage\":\"de\",\"@id\":\"https:\/\/www.dyflexis.com\/de\/9-felder-matrix\/#primaryimage\",\"url\":\"https:\/\/www.dyflexis.com\/de\/wp-content\/uploads\/2026\/05\/header-blog-performance.jpg\",\"contentUrl\":\"https:\/\/www.dyflexis.com\/de\/wp-content\/uploads\/2026\/05\/header-blog-performance.jpg\"},{\"@type\":\"BreadcrumbList\",\"@id\":\"https:\/\/www.dyflexis.com\/de\/9-felder-matrix\/#breadcrumb\",\"itemListElement\":[{\"@type\":\"ListItem\",\"position\":1,\"name\":\"Home\",\"item\":\"https:\/\/www.dyflexis.com\/de\/\"},{\"@type\":\"ListItem\",\"position\":2,\"name\":\"Blogs\",\"item\":\"https:\/\/www.dyflexis.com\/de\/category\/blog\/\"},{\"@type\":\"ListItem\",\"position\":3,\"name\":\"Uncategorized\",\"item\":\"https:\/\/www.dyflexis.com\/de\/category\/blog\/uncategorized\/\"},{\"@type\":\"ListItem\",\"position\":4,\"name\":\"Die 9 Felder Matrix: Talentmanagement f\u00fcr Non-Desk- und Fronteline-Teams\"}]},{\"@type\":\"WebSite\",\"@id\":\"https:\/\/www.dyflexis.com\/de\/#website\",\"url\":\"https:\/\/www.dyflexis.com\/de\/\",\"name\":\"Dyflexis\",\"description\":\"Dyflexis Workforce Management | Bigger Together\",\"publisher\":{\"@id\":\"https:\/\/www.dyflexis.com\/de\/#organization\"},\"alternateName\":\"Dyflexis Workforce Management\",\"potentialAction\":[{\"@type\":\"SearchAction\",\"target\":{\"@type\":\"EntryPoint\",\"urlTemplate\":\"https:\/\/www.dyflexis.com\/de\/?s={search_term_string}\"},\"query-input\":{\"@type\":\"PropertyValueSpecification\",\"valueRequired\":true,\"valueName\":\"search_term_string\"}}],\"inLanguage\":\"de\"},{\"@type\":\"Organization\",\"@id\":\"https:\/\/www.dyflexis.com\/de\/#organization\",\"name\":\"Dyflexis\",\"alternateName\":\"Dyflexis Workforce Management\",\"url\":\"https:\/\/www.dyflexis.com\/de\/\",\"logo\":{\"@type\":\"ImageObject\",\"inLanguage\":\"de\",\"@id\":\"https:\/\/www.dyflexis.com\/de\/#\/schema\/logo\/image\/\",\"url\":\"https:\/\/www.dyflexis.com\/de\/wp-content\/uploads\/2026\/03\/LinkedIn-Company-Logo.jpg\",\"contentUrl\":\"https:\/\/www.dyflexis.com\/de\/wp-content\/uploads\/2026\/03\/LinkedIn-Company-Logo.jpg\",\"width\":300,\"height\":300,\"caption\":\"Dyflexis\"},\"image\":{\"@id\":\"https:\/\/www.dyflexis.com\/de\/#\/schema\/logo\/image\/\"}},{\"@type\":\"Person\",\"@id\":\"https:\/\/www.dyflexis.com\/de\/#\/schema\/person\/eced5d63665d5cdf552a5b68d7dabe27\",\"name\":\"wouter\",\"image\":{\"@type\":\"ImageObject\",\"inLanguage\":\"de\",\"@id\":\"https:\/\/secure.gravatar.com\/avatar\/f08c9cefeb3e6748d1f4a0f0359449c2ab7bc751b695e02363b8a7120a7e4eff?s=96&d=mm&r=g\",\"url\":\"https:\/\/secure.gravatar.com\/avatar\/f08c9cefeb3e6748d1f4a0f0359449c2ab7bc751b695e02363b8a7120a7e4eff?s=96&d=mm&r=g\",\"contentUrl\":\"https:\/\/secure.gravatar.com\/avatar\/f08c9cefeb3e6748d1f4a0f0359449c2ab7bc751b695e02363b8a7120a7e4eff?s=96&d=mm&r=g\",\"caption\":\"wouter\"},\"url\":\"https:\/\/www.dyflexis.com\/de\/author\/wouter\/\"}]}<\/script>","yoast_head_json":{"title":"Die 9 Felder Matrix: Talentmanagement f\u00fcr Non-Desk- und Fronteline-Teams | Dyflexis","description":"Was ist die 9-Felder-Matrix? Entdecken Sie, warum sich dieses HR-Tool \u00fcber die Jahre als unverzichtbares Instrument im Talentmanagement bew\u00e4hrt hat.","robots":{"index":"index","follow":"follow","max-snippet":"max-snippet:-1","max-image-preview":"max-image-preview:large","max-video-preview":"max-video-preview:-1"},"canonical":"https:\/\/www.dyflexis.com\/de\/9-felder-matrix\/","og_locale":"de_DE","og_type":"article","og_title":"Die 9 Felder Matrix: Talentmanagement f\u00fcr Non-Desk- und Fronteline-Teams | Dyflexis","og_description":"Was ist die 9-Felder-Matrix? Entdecken Sie, warum sich dieses HR-Tool \u00fcber die Jahre als unverzichtbares Instrument im Talentmanagement bew\u00e4hrt hat.","og_url":"https:\/\/www.dyflexis.com\/de\/9-felder-matrix\/","og_site_name":"Dyflexis (DE)","article_published_time":"2026-05-01T11:56:52+00:00","article_modified_time":"2026-05-01T14:25:43+00:00","author":"wouter","twitter_card":"summary_large_image","twitter_misc":{"Verfasst von":"wouter","Gesch\u00e4tzte Lesezeit":"1\u00a0Minute"},"schema":{"@context":"https:\/\/schema.org","@graph":[{"@type":"Article","@id":"https:\/\/www.dyflexis.com\/de\/9-felder-matrix\/#article","isPartOf":{"@id":"https:\/\/www.dyflexis.com\/de\/9-felder-matrix\/"},"author":{"name":"wouter","@id":"https:\/\/www.dyflexis.com\/de\/#\/schema\/person\/eced5d63665d5cdf552a5b68d7dabe27"},"headline":"Die 9 Felder Matrix: Talentmanagement f\u00fcr Non-Desk- und Fronteline-Teams","datePublished":"2026-05-01T11:56:52+00:00","dateModified":"2026-05-01T14:25:43+00:00","mainEntityOfPage":{"@id":"https:\/\/www.dyflexis.com\/de\/9-felder-matrix\/"},"wordCount":9,"publisher":{"@id":"https:\/\/www.dyflexis.com\/de\/#organization"},"image":{"@id":"https:\/\/www.dyflexis.com\/de\/9-felder-matrix\/#primaryimage"},"thumbnailUrl":"https:\/\/www.dyflexis.com\/de\/wp-content\/uploads\/2026\/05\/header-blog-performance.jpg","articleSection":["Uncategorized"],"inLanguage":"de"},{"@type":"WebPage","@id":"https:\/\/www.dyflexis.com\/de\/9-felder-matrix\/","url":"https:\/\/www.dyflexis.com\/de\/9-felder-matrix\/","name":"Die 9 Felder Matrix: Talentmanagement f\u00fcr Non-Desk- und Fronteline-Teams | Dyflexis","isPartOf":{"@id":"https:\/\/www.dyflexis.com\/de\/#website"},"primaryImageOfPage":{"@id":"https:\/\/www.dyflexis.com\/de\/9-felder-matrix\/#primaryimage"},"image":{"@id":"https:\/\/www.dyflexis.com\/de\/9-felder-matrix\/#primaryimage"},"thumbnailUrl":"https:\/\/www.dyflexis.com\/de\/wp-content\/uploads\/2026\/05\/header-blog-performance.jpg","datePublished":"2026-05-01T11:56:52+00:00","dateModified":"2026-05-01T14:25:43+00:00","description":"Was ist die 9-Felder-Matrix? Entdecken Sie, warum sich dieses HR-Tool \u00fcber die Jahre als unverzichtbares Instrument im Talentmanagement bew\u00e4hrt hat.","breadcrumb":{"@id":"https:\/\/www.dyflexis.com\/de\/9-felder-matrix\/#breadcrumb"},"inLanguage":"de","potentialAction":[{"@type":"ReadAction","target":["https:\/\/www.dyflexis.com\/de\/9-felder-matrix\/"]}]},{"@type":"ImageObject","inLanguage":"de","@id":"https:\/\/www.dyflexis.com\/de\/9-felder-matrix\/#primaryimage","url":"https:\/\/www.dyflexis.com\/de\/wp-content\/uploads\/2026\/05\/header-blog-performance.jpg","contentUrl":"https:\/\/www.dyflexis.com\/de\/wp-content\/uploads\/2026\/05\/header-blog-performance.jpg"},{"@type":"BreadcrumbList","@id":"https:\/\/www.dyflexis.com\/de\/9-felder-matrix\/#breadcrumb","itemListElement":[{"@type":"ListItem","position":1,"name":"Home","item":"https:\/\/www.dyflexis.com\/de\/"},{"@type":"ListItem","position":2,"name":"Blogs","item":"https:\/\/www.dyflexis.com\/de\/category\/blog\/"},{"@type":"ListItem","position":3,"name":"Uncategorized","item":"https:\/\/www.dyflexis.com\/de\/category\/blog\/uncategorized\/"},{"@type":"ListItem","position":4,"name":"Die 9 Felder Matrix: Talentmanagement f\u00fcr Non-Desk- und Fronteline-Teams"}]},{"@type":"WebSite","@id":"https:\/\/www.dyflexis.com\/de\/#website","url":"https:\/\/www.dyflexis.com\/de\/","name":"Dyflexis","description":"Dyflexis Workforce Management | Bigger Together","publisher":{"@id":"https:\/\/www.dyflexis.com\/de\/#organization"},"alternateName":"Dyflexis Workforce Management","potentialAction":[{"@type":"SearchAction","target":{"@type":"EntryPoint","urlTemplate":"https:\/\/www.dyflexis.com\/de\/?s={search_term_string}"},"query-input":{"@type":"PropertyValueSpecification","valueRequired":true,"valueName":"search_term_string"}}],"inLanguage":"de"},{"@type":"Organization","@id":"https:\/\/www.dyflexis.com\/de\/#organization","name":"Dyflexis","alternateName":"Dyflexis Workforce Management","url":"https:\/\/www.dyflexis.com\/de\/","logo":{"@type":"ImageObject","inLanguage":"de","@id":"https:\/\/www.dyflexis.com\/de\/#\/schema\/logo\/image\/","url":"https:\/\/www.dyflexis.com\/de\/wp-content\/uploads\/2026\/03\/LinkedIn-Company-Logo.jpg","contentUrl":"https:\/\/www.dyflexis.com\/de\/wp-content\/uploads\/2026\/03\/LinkedIn-Company-Logo.jpg","width":300,"height":300,"caption":"Dyflexis"},"image":{"@id":"https:\/\/www.dyflexis.com\/de\/#\/schema\/logo\/image\/"}},{"@type":"Person","@id":"https:\/\/www.dyflexis.com\/de\/#\/schema\/person\/eced5d63665d5cdf552a5b68d7dabe27","name":"wouter","image":{"@type":"ImageObject","inLanguage":"de","@id":"https:\/\/secure.gravatar.com\/avatar\/f08c9cefeb3e6748d1f4a0f0359449c2ab7bc751b695e02363b8a7120a7e4eff?s=96&d=mm&r=g","url":"https:\/\/secure.gravatar.com\/avatar\/f08c9cefeb3e6748d1f4a0f0359449c2ab7bc751b695e02363b8a7120a7e4eff?s=96&d=mm&r=g","contentUrl":"https:\/\/secure.gravatar.com\/avatar\/f08c9cefeb3e6748d1f4a0f0359449c2ab7bc751b695e02363b8a7120a7e4eff?s=96&d=mm&r=g","caption":"wouter"},"url":"https:\/\/www.dyflexis.com\/de\/author\/wouter\/"}]}},"_links":{"self":[{"href":"https:\/\/www.dyflexis.com\/de\/wp-json\/wp\/v2\/posts\/27883","targetHints":{"allow":["GET"]}}],"collection":[{"href":"https:\/\/www.dyflexis.com\/de\/wp-json\/wp\/v2\/posts"}],"about":[{"href":"https:\/\/www.dyflexis.com\/de\/wp-json\/wp\/v2\/types\/post"}],"author":[{"embeddable":true,"href":"https:\/\/www.dyflexis.com\/de\/wp-json\/wp\/v2\/users\/17"}],"replies":[{"embeddable":true,"href":"https:\/\/www.dyflexis.com\/de\/wp-json\/wp\/v2\/comments?post=27883"}],"version-history":[{"count":6,"href":"https:\/\/www.dyflexis.com\/de\/wp-json\/wp\/v2\/posts\/27883\/revisions"}],"predecessor-version":[{"id":27925,"href":"https:\/\/www.dyflexis.com\/de\/wp-json\/wp\/v2\/posts\/27883\/revisions\/27925"}],"wp:featuredmedia":[{"embeddable":true,"href":"https:\/\/www.dyflexis.com\/de\/wp-json\/"}],"wp:attachment":[{"href":"https:\/\/www.dyflexis.com\/de\/wp-json\/wp\/v2\/media?parent=27883"}],"wp:term":[{"taxonomy":"category","embeddable":true,"href":"https:\/\/www.dyflexis.com\/de\/wp-json\/wp\/v2\/categories?post=27883"},{"taxonomy":"post_tag","embeddable":true,"href":"https:\/\/www.dyflexis.com\/de\/wp-json\/wp\/v2\/tags?post=27883"}],"curies":[{"name":"wp","href":"https:\/\/api.w.org\/{rel}","templated":true}]}}