{"id":27205,"date":"2026-03-04T15:02:14","date_gmt":"2026-03-04T14:02:14","guid":{"rendered":"https:\/\/www.dyflexis.com\/de\/?p=27205"},"modified":"2026-03-12T10:44:14","modified_gmt":"2026-03-12T09:44:14","slug":"bigger-together-die-geschichte-hinter-unserem-neuen-branding","status":"publish","type":"post","link":"https:\/\/www.dyflexis.com\/de\/bigger-together-die-geschichte-hinter-unserem-neuen-branding\/","title":{"rendered":"Bigger Together: Die Geschichte hinter unserem neuen Branding"},"content":{"rendered":"\n<div class=\"block__background  container-padding-mobile lg:container-padding-desktop break-container-padding tw-relative tw-bg-transparent tw-pt-[40px] tw-pb-0 tw-bg-cover tw-bg-no-repeat 3xl:!tw-bg-none\" style=\"\">\n\t\n\t\n\t<div class=\"block__background__content tw-w-full tw-mx-auto tw-max-w-[1352px] tw-relative tw-z-10\">\n\t\t<div class=\"block__background__columns__container tw-flex tw-flex-col tw-flex tw-flex-col tw-gap-[40px] lg:tw-gap-[80px]\">\n\n\n<div class=\"text-block vertical-grow-allowed tw-flex tw-flex-col tw-gap-5 md:tw-gap-10  \">\n\t\n\t\t\t<div class=\"text-block__content wysiwyg__content\">\n\t\t\t<div class=\"wysiwyg__content\"><p data-start=\"6158\" data-end=\"6411\"><strong>Bei Dyflexis sind wir \u00fcberzeugt: Fortschritt entsteht nie allein. Wachstum entsteht, wenn Technologie, Menschen und Zusammenarbeit zusammenkommen. Deshalb pr\u00e4sentieren wir unsere neue Markenidentit\u00e4t \u2013 mit einem klaren Leitgedanken: <span style=\"text-decoration: underline;\">Bigger Together<\/span>.<\/strong><\/p>\n<p data-start=\"6413\" data-end=\"6668\"><strong>Unsere neue Branding spiegelt wider, wer wir heute sind, wof\u00fcr wir stehen und wohin wir uns entwickeln. Es ist mehr als eine visuelle Erneuerung \u2013 es ist Ausdruck unserer Vision f\u00fcr Workforce Management, Talententwicklung und langfristige Partnerschaften.<\/strong><\/p>\n<\/div>\t\t<\/div>\n\t\t\n\t<\/div>\n<\/div>\n\t<\/div>\n\n    <\/div>\n\n\n\n<div class=\"block__background  container-padding-mobile lg:container-padding-desktop break-container-padding tw-relative tw-bg-transparent tw-pt-0 tw-pb-[80px] tw-bg-cover tw-bg-no-repeat 3xl:!tw-bg-none\" style=\"\">\n\t\n\t\n\t<div class=\"block__background__content tw-w-full tw-mx-auto tw-max-w-[1352px] tw-relative tw-z-10\">\n\t\t<div class=\"block__background__columns__container tw-flex tw-flex-col tw-flex tw-flex-col tw-gap-[40px] lg:tw-gap-[80px]\">\n\n<div class=\"wp-block-columns layout-asymmetric-left-right is-layout-flex wp-container-core-columns-is-layout-9d6595d7 wp-block-columns-is-layout-flex\">\n<div class=\"wp-block-column is-vertically-aligned-center column-41 is-layout-flow wp-block-column-is-layout-flow\" style=\"flex-basis:41%\">\n\n<div class=\"text-block vertical-grow-allowed tw-flex tw-flex-col tw-gap-5 md:tw-gap-10  \">\n\t\t\t<div class=\"text-block__title-wrapper tw-flex tw-flex-col tw-items-start md:tw-flex-row tw-flex-wrap md:tw-items-center tw-justify-between tw-gap-4\">\n\t\t\t\t\t\t\t<h2 class=\" tw-m-0\">\n\t\t\t\t\t\t\t\t\t\tWarum ein Rebranding?\t\t\t\t<\/h2>\n\t\t\t\n\t\t\t\t\t<\/div>\n\t\n\t\t\t<div class=\"text-block__content wysiwyg__content\">\n\t\t\t<div class=\"wysiwyg__content\"><p data-start=\"6701\" data-end=\"6969\">Dyflexis hat sich in den vergangenen Jahren stark weiterentwickelt. Was einst als Software f\u00fcr Planung und Zeiterfassung begann, ist heute eine leistungsstarke Workforce-Management-Plattform, die Unternehmen dabei unterst\u00fctzt, ihre Organisation effizienter zu steuern.<\/p>\n<p data-start=\"6971\" data-end=\"7144\">Doch die Arbeitswelt ver\u00e4ndert sich schnell. Unternehmen betrachten nicht mehr nur Dienstpl\u00e4ne und Arbeitszeiten, sondern zunehmend auch <strong data-start=\"7108\" data-end=\"7143\">Skills, Entwicklung und Talente<\/strong>.<\/p>\n<p data-start=\"7146\" data-end=\"7185\">Deshalb gehen wir den n\u00e4chsten Schritt.<\/p>\n<p data-start=\"7187\" data-end=\"7423\">Unsere neue Markenidentit\u00e4t unterst\u00fctzt eine umfassendere Vision: eine Plattform, die Unternehmen nicht nur hilft, ihre Workforce optimal einzusetzen, sondern auch <strong data-start=\"7351\" data-end=\"7422\">das Talent in ihrer Organisation zu erkennen und weiterzuentwickeln<\/strong>.<\/p>\n<\/div>\t\t<\/div>\n\t\t\n\t<\/div><\/div>\n\n\n\n<div class=\"wp-block-column is-vertically-aligned-center spacer-column column-9 is-layout-flow wp-block-column-is-layout-flow\" style=\"flex-basis:9%\"><\/div>\n\n\n\n<div class=\"wp-block-column is-vertically-aligned-center column-50 is-layout-flow wp-block-column-is-layout-flow column--has-image\" style=\"flex-basis:50%\">\n<figure class=\"wp-block-image size-full\"><img loading=\"lazy\" decoding=\"async\" width=\"554\" height=\"640\" src=\"https:\/\/www.dyflexis.com\/nl\/wp-content\/uploads\/2026\/03\/Support-2-1.png\" alt=\"\" class=\"wp-image-29417\" srcset=\"https:\/\/www.dyflexis.com\/de\/wp-content\/uploads\/2026\/03\/Support-2-1.png 554w, https:\/\/www.dyflexis.com\/de\/wp-content\/uploads\/2026\/03\/Support-2-1-260x300.png 260w, https:\/\/www.dyflexis.com\/de\/wp-content\/uploads\/2026\/03\/Support-2-1-94x109.png 94w, https:\/\/www.dyflexis.com\/de\/wp-content\/uploads\/2026\/03\/Support-2-1-415x479.png 415w, https:\/\/www.dyflexis.com\/de\/wp-content\/uploads\/2026\/03\/Support-2-1-250x289.png 250w, https:\/\/www.dyflexis.com\/de\/wp-content\/uploads\/2026\/03\/Support-2-1-380x439.png 380w, https:\/\/www.dyflexis.com\/de\/wp-content\/uploads\/2026\/03\/Support-2-1-450x520.png 450w, https:\/\/www.dyflexis.com\/de\/wp-content\/uploads\/2026\/03\/Support-2-1-29x33.png 29w, https:\/\/www.dyflexis.com\/de\/wp-content\/uploads\/2026\/03\/Support-2-1-40x46.png 40w\" sizes=\"auto, (max-width: 554px) 100vw, 554px\" \/><\/figure>\n<\/div>\n<\/div>\n\n\n\n<div class=\"wp-block-columns layout-asymmetric-right-left is-layout-flex wp-container-core-columns-is-layout-9d6595d7 wp-block-columns-is-layout-flex\">\n<div class=\"wp-block-column is-vertically-aligned-center column-50 is-layout-flow wp-block-column-is-layout-flow\" style=\"flex-basis:50%\">\n\n<div class=\"text-block vertical-grow-allowed tw-flex tw-flex-col tw-gap-5 md:tw-gap-10  \">\n\t\t\t<div class=\"text-block__title-wrapper tw-flex tw-flex-col tw-items-start md:tw-flex-row tw-flex-wrap md:tw-items-center tw-justify-between tw-gap-4\">\n\t\t\t\t\t\t\t<h2 class=\" tw-m-0\">\n\t\t\t\t\t\t\t\t\t\tBigger Together: der Kern unserer Marke\t\t\t\t<\/h2>\n\t\t\t\n\t\t\t\t\t<\/div>\n\t\n\t\t\t<div class=\"text-block__content wysiwyg__content\">\n\t\t\t<div class=\"wysiwyg__content\"><p data-start=\"7474\" data-end=\"7547\">Der Gedanke <strong data-start=\"7486\" data-end=\"7505\">Bigger Together<\/strong> steht im Mittelpunkt unserer neuen Marke.<\/p>\n<p data-start=\"7549\" data-end=\"7857\">Er beschreibt unsere \u00dcberzeugung, dass Wachstum entsteht, wenn Menschen, Technologie und Organisationen sich gegenseitig st\u00e4rken. Workforce Management bedeutet nicht nur Prozesse oder Software. Es geht um Menschen, die zusammenarbeiten, Teams, die sich entwickeln, und Organisationen, die vorankommen wollen.<\/p>\n<p data-start=\"7859\" data-end=\"8060\">Mit Dyflexis helfen wir Unternehmen, das Beste aus ihren Teams herauszuholen. Nicht nur durch intelligentere Planung, sondern auch durch Einblicke in Talente, F\u00e4higkeiten und Entwicklungsm\u00f6glichkeiten.<\/p>\n<p data-start=\"8062\" data-end=\"8280\">Wir sind \u00fcberzeugt: Unternehmen werden st\u00e4rker, wenn Mitarbeitende ihre F\u00e4higkeiten entfalten und weiterentwickeln k\u00f6nnen. Wenn individuelles Wachstum und gemeinsamer Erfolg zusammenkommen, entsteht echter Fortschritt.<\/p>\n<p data-start=\"8282\" data-end=\"8372\"><strong data-start=\"8282\" data-end=\"8372\">Bigger Together bedeutet daher nicht nur Zusammenarbeit, sondern gemeinsames Wachstum.<\/strong><\/p>\n<\/div>\t\t<\/div>\n\t\t\n\t<\/div><\/div>\n\n\n\n<div class=\"wp-block-column is-vertically-aligned-center spacer-column column-9 is-layout-flow wp-block-column-is-layout-flow\" style=\"flex-basis:9%\"><\/div>\n\n\n\n<div class=\"wp-block-column is-vertically-aligned-center column-41 is-layout-flow wp-block-column-is-layout-flow column--has-image\" style=\"flex-basis:41%\">\n<figure class=\"wp-block-image size-full is-resized\"><img loading=\"lazy\" decoding=\"async\" width=\"666\" height=\"640\" src=\"https:\/\/www.dyflexis.com\/de\/wp-content\/uploads\/2026\/03\/hospitality-8-1.png\" alt=\"\" class=\"wp-image-29513\" style=\"width:500px\" srcset=\"https:\/\/www.dyflexis.com\/de\/wp-content\/uploads\/2026\/03\/hospitality-8-1.png 666w, https:\/\/www.dyflexis.com\/de\/wp-content\/uploads\/2026\/03\/hospitality-8-1-300x288.png 300w, https:\/\/www.dyflexis.com\/de\/wp-content\/uploads\/2026\/03\/hospitality-8-1-640x615.png 640w, https:\/\/www.dyflexis.com\/de\/wp-content\/uploads\/2026\/03\/hospitality-8-1-113x109.png 113w, https:\/\/www.dyflexis.com\/de\/wp-content\/uploads\/2026\/03\/hospitality-8-1-415x399.png 415w, https:\/\/www.dyflexis.com\/de\/wp-content\/uploads\/2026\/03\/hospitality-8-1-250x240.png 250w, https:\/\/www.dyflexis.com\/de\/wp-content\/uploads\/2026\/03\/hospitality-8-1-380x365.png 380w, https:\/\/www.dyflexis.com\/de\/wp-content\/uploads\/2026\/03\/hospitality-8-1-450x432.png 450w, https:\/\/www.dyflexis.com\/de\/wp-content\/uploads\/2026\/03\/hospitality-8-1-34x33.png 34w, https:\/\/www.dyflexis.com\/de\/wp-content\/uploads\/2026\/03\/hospitality-8-1-40x38.png 40w\" sizes=\"auto, (max-width: 666px) 100vw, 666px\" \/><\/figure>\n<\/div>\n<\/div>\n\n\n\n<figure class=\"wp-block-image aligncenter size-full is-style-default\"><img loading=\"lazy\" decoding=\"async\" width=\"666\" height=\"640\" src=\"https:\/\/www.dyflexis.com\/de\/wp-content\/uploads\/2026\/03\/Image-mask-666x640-12.png\" alt=\"\" class=\"wp-image-29669\" srcset=\"https:\/\/www.dyflexis.com\/de\/wp-content\/uploads\/2026\/03\/Image-mask-666x640-12.png 666w, https:\/\/www.dyflexis.com\/de\/wp-content\/uploads\/2026\/03\/Image-mask-666x640-12-300x288.png 300w, https:\/\/www.dyflexis.com\/de\/wp-content\/uploads\/2026\/03\/Image-mask-666x640-12-640x615.png 640w, https:\/\/www.dyflexis.com\/de\/wp-content\/uploads\/2026\/03\/Image-mask-666x640-12-113x109.png 113w, https:\/\/www.dyflexis.com\/de\/wp-content\/uploads\/2026\/03\/Image-mask-666x640-12-415x399.png 415w, https:\/\/www.dyflexis.com\/de\/wp-content\/uploads\/2026\/03\/Image-mask-666x640-12-250x240.png 250w, https:\/\/www.dyflexis.com\/de\/wp-content\/uploads\/2026\/03\/Image-mask-666x640-12-380x365.png 380w, https:\/\/www.dyflexis.com\/de\/wp-content\/uploads\/2026\/03\/Image-mask-666x640-12-450x432.png 450w, https:\/\/www.dyflexis.com\/de\/wp-content\/uploads\/2026\/03\/Image-mask-666x640-12-34x33.png 34w, https:\/\/www.dyflexis.com\/de\/wp-content\/uploads\/2026\/03\/Image-mask-666x640-12-40x38.png 40w\" sizes=\"auto, (max-width: 666px) 100vw, 666px\" \/><\/figure>\n\n\n\n<div class=\"wp-block-columns layout-asymmetric-right-left is-layout-flex wp-container-core-columns-is-layout-9d6595d7 wp-block-columns-is-layout-flex\">\n<div class=\"wp-block-column is-vertically-aligned-center column-50 is-layout-flow wp-block-column-is-layout-flow\" style=\"flex-basis:50%\">\n\n<div class=\"text-block vertical-grow-allowed tw-flex tw-flex-col tw-gap-5 md:tw-gap-10  \">\n\t\t\t<div class=\"text-block__title-wrapper tw-flex tw-flex-col tw-items-start md:tw-flex-row tw-flex-wrap md:tw-items-center tw-justify-between tw-gap-4\">\n\t\t\t\t\t\t\t<h2 class=\" tw-m-0\">\n\t\t\t\t\t\t\t\t\t\tVon Workforce Management zu Talentoptimierung\t\t\t\t<\/h2>\n\t\t\t\n\t\t\t\t\t<\/div>\n\t\n\t\t\t<div class=\"text-block__content wysiwyg__content\">\n\t\t\t<div class=\"wysiwyg__content\"><p data-start=\"8429\" data-end=\"8651\">Die Rolle von Workforce Management ver\u00e4ndert sich. Fr\u00fcher lag der Fokus vor allem auf Dienstplanung und Zeiterfassung. Heute verschiebt sich der Schwerpunkt zunehmend hin zu <strong data-start=\"8603\" data-end=\"8650\">Skills, Erkenntnissen und Talententwicklung<\/strong>.<\/p>\n<p data-start=\"8653\" data-end=\"8832\">Dyflexis entwickelt sich deshalb von einer klassischen WFM-L\u00f6sung zu einer umfassenderen Plattform, die sowohl <strong data-start=\"8764\" data-end=\"8819\">operative Effizienz als auch menschliches Potenzial<\/strong> unterst\u00fctzt.<\/p>\n<p data-start=\"8834\" data-end=\"9006\">Unser Ziel ist klar: Unternehmen dabei zu helfen, ihre Mitarbeitenden nicht nur effizient einzusetzen, sondern ihnen auch zu erm\u00f6glichen, ihr volles Potenzial zu entfalten.<\/p>\n<p data-start=\"9008\" data-end=\"9187\">Mit anderen Worten: Unternehmen sollten nicht nur wissen, <strong data-start=\"9066\" data-end=\"9090\">wann jemand arbeitet<\/strong>, sondern auch <strong data-start=\"9105\" data-end=\"9186\">was jemand kann, was er entwickeln m\u00f6chte und welches Potenzial vorhanden ist<\/strong>.<\/p>\n<\/div>\t\t<\/div>\n\t\t\n\t<\/div><\/div>\n\n\n\n<div class=\"wp-block-column is-vertically-aligned-center spacer-column column-9 is-layout-flow wp-block-column-is-layout-flow\" style=\"flex-basis:9%\"><\/div>\n\n\n\n<div class=\"wp-block-column is-vertically-aligned-center column-41 is-layout-flow wp-block-column-is-layout-flow column--has-image\" style=\"flex-basis:41%\">\n<figure class=\"wp-block-image size-full\"><img loading=\"lazy\" decoding=\"async\" width=\"666\" height=\"640\" src=\"https:\/\/www.dyflexis.com\/nl\/wp-content\/uploads\/2026\/03\/hospitality-5.png\" alt=\"\" class=\"wp-image-29503\" srcset=\"https:\/\/www.dyflexis.com\/de\/wp-content\/uploads\/2026\/03\/hospitality-5.png 666w, https:\/\/www.dyflexis.com\/de\/wp-content\/uploads\/2026\/03\/hospitality-5-300x288.png 300w, https:\/\/www.dyflexis.com\/de\/wp-content\/uploads\/2026\/03\/hospitality-5-640x615.png 640w, https:\/\/www.dyflexis.com\/de\/wp-content\/uploads\/2026\/03\/hospitality-5-113x109.png 113w, https:\/\/www.dyflexis.com\/de\/wp-content\/uploads\/2026\/03\/hospitality-5-415x399.png 415w, https:\/\/www.dyflexis.com\/de\/wp-content\/uploads\/2026\/03\/hospitality-5-250x240.png 250w, https:\/\/www.dyflexis.com\/de\/wp-content\/uploads\/2026\/03\/hospitality-5-380x365.png 380w, https:\/\/www.dyflexis.com\/de\/wp-content\/uploads\/2026\/03\/hospitality-5-450x432.png 450w, https:\/\/www.dyflexis.com\/de\/wp-content\/uploads\/2026\/03\/hospitality-5-34x33.png 34w, https:\/\/www.dyflexis.com\/de\/wp-content\/uploads\/2026\/03\/hospitality-5-40x38.png 40w\" sizes=\"auto, (max-width: 666px) 100vw, 666px\" \/><\/figure>\n<\/div>\n<\/div>\n\n\n\n<div class=\"wp-block-columns layout-asymmetric-left-right is-layout-flex wp-container-core-columns-is-layout-9d6595d7 wp-block-columns-is-layout-flex\">\n<div class=\"wp-block-column is-vertically-aligned-center column-41 is-layout-flow wp-block-column-is-layout-flow\" style=\"flex-basis:41%\">\n\n<div class=\"text-block vertical-grow-allowed tw-flex tw-flex-col tw-gap-5 md:tw-gap-10  \">\n\t\n\t\t\t<div class=\"text-block__content wysiwyg__content\">\n\t\t\t<div class=\"wysiwyg__content\"><blockquote>\n<p data-start=\"10104\" data-end=\"10231\">\u201eBigger Together ist kein Slogan \u2013 es ist die Art und Weise, wie wir mit Kunden, Partnern und Mitarbeitenden zusammenarbeiten.\u201c<\/p>\n<\/blockquote>\n<p data-start=\"10104\" data-end=\"10231\">Matthijs van den Ende &#8211; CEO Dyflexis<\/p>\n<\/div>\t\t<\/div>\n\t\t\n\t<\/div><\/div>\n\n\n\n<div class=\"wp-block-column is-vertically-aligned-center spacer-column column-9 is-layout-flow wp-block-column-is-layout-flow\" style=\"flex-basis:9%\"><\/div>\n\n\n\n<div class=\"wp-block-column is-vertically-aligned-center column-50 is-layout-flow wp-block-column-is-layout-flow\" style=\"flex-basis:50%\">\n\n<div class=\"text-block vertical-grow-allowed tw-flex tw-flex-col tw-gap-5 md:tw-gap-10  \">\n\t\t\t<div class=\"text-block__title-wrapper tw-flex tw-flex-col tw-items-start md:tw-flex-row tw-flex-wrap md:tw-items-center tw-justify-between tw-gap-4\">\n\t\t\t\t\t\t\t<h2 class=\" tw-m-0\">\n\t\t\t\t\t\t\t\t\t\tDie Perspektive unseres CEO\t\t\t\t<\/h2>\n\t\t\t\n\t\t\t\t\t<\/div>\n\t\n\t\t\t<div class=\"text-block__content wysiwyg__content\">\n\t\t\t<div class=\"wysiwyg__content\"><p data-start=\"9226\" data-end=\"9296\">F\u00fcr CEO Matthijs ist diese Entwicklung ein logischer n\u00e4chster Schritt.<\/p>\n<p data-start=\"9298\" data-end=\"9446\">\u201eWir bewegen uns von Planung zu Performance. Von Zeiterfassung zu Talentoptimierung. Das ist kein Feature-Update, sondern ein strategischer Wandel.\u201c<\/p>\n<p data-start=\"9448\" data-end=\"9622\">Unternehmen stehen heute vor neuen Herausforderungen. Der Arbeitsmarkt ist angespannt, Talente sind knapp und Mitarbeitende erwarten mehr M\u00f6glichkeiten zur Weiterentwicklung.<\/p>\n<p data-start=\"9624\" data-end=\"9696\">Deshalb werden Einblicke in F\u00e4higkeiten und Kompetenzen immer wichtiger.<\/p>\n<p data-start=\"9698\" data-end=\"9905\">\u201eDie Zukunft von Workforce Management dreht sich nicht nur darum, wann jemand arbeitet, sondern darum, was jemand kann. Skills werden zur neuen W\u00e4hrung in Organisationen \u2013 und Dyflexis erm\u00f6glicht genau das.\u201c<\/p>\n<p data-start=\"9907\" data-end=\"10102\">Die neue Markenidentit\u00e4t unterstreicht diese Richtung und zeigt, wohin sich Dyflexis entwickelt: zu einer Plattform, die Unternehmen dabei hilft, das Beste aus ihren Mitarbeitenden herauszuholen.<\/p>\n<p data-start=\"10104\" data-end=\"10231\">\u201eBigger Together ist kein Slogan \u2013 es ist die Art und Weise, wie wir mit Kunden, Partnern und Mitarbeitenden zusammenarbeiten.\u201c<\/p>\n<\/div>\t\t<\/div>\n\t\t\n\t<\/div><\/div>\n<\/div>\n\n\n\n<figure class=\"wp-block-image aligncenter size-large\"><img loading=\"lazy\" decoding=\"async\" width=\"1024\" height=\"542\" src=\"https:\/\/www.dyflexis.com\/nl\/wp-content\/uploads\/2026\/02\/hospitality-2-1-1024x542.png\" alt=\"\" class=\"wp-image-29328\" srcset=\"https:\/\/www.dyflexis.com\/de\/wp-content\/uploads\/2026\/02\/hospitality-2-1-1024x542.png 1024w, https:\/\/www.dyflexis.com\/de\/wp-content\/uploads\/2026\/02\/hospitality-2-1-300x159.png 300w, https:\/\/www.dyflexis.com\/de\/wp-content\/uploads\/2026\/02\/hospitality-2-1-768x406.png 768w, https:\/\/www.dyflexis.com\/de\/wp-content\/uploads\/2026\/02\/hospitality-2-1-1350x714.png 1350w, https:\/\/www.dyflexis.com\/de\/wp-content\/uploads\/2026\/02\/hospitality-2-1-640x339.png 640w, https:\/\/www.dyflexis.com\/de\/wp-content\/uploads\/2026\/02\/hospitality-2-1-206x109.png 206w, https:\/\/www.dyflexis.com\/de\/wp-content\/uploads\/2026\/02\/hospitality-2-1-746x395.png 746w, https:\/\/www.dyflexis.com\/de\/wp-content\/uploads\/2026\/02\/hospitality-2-1-950x503.png 950w, https:\/\/www.dyflexis.com\/de\/wp-content\/uploads\/2026\/02\/hospitality-2-1-1016x538.png 1016w, https:\/\/www.dyflexis.com\/de\/wp-content\/uploads\/2026\/02\/hospitality-2-1-415x220.png 415w, https:\/\/www.dyflexis.com\/de\/wp-content\/uploads\/2026\/02\/hospitality-2-1-250x132.png 250w, https:\/\/www.dyflexis.com\/de\/wp-content\/uploads\/2026\/02\/hospitality-2-1-380x201.png 380w, https:\/\/www.dyflexis.com\/de\/wp-content\/uploads\/2026\/02\/hospitality-2-1-450x238.png 450w, https:\/\/www.dyflexis.com\/de\/wp-content\/uploads\/2026\/02\/hospitality-2-1-62x33.png 62w, https:\/\/www.dyflexis.com\/de\/wp-content\/uploads\/2026\/02\/hospitality-2-1-40x21.png 40w, https:\/\/www.dyflexis.com\/de\/wp-content\/uploads\/2026\/02\/hospitality-2-1-817x432.png 817w, https:\/\/www.dyflexis.com\/de\/wp-content\/uploads\/2026\/02\/hospitality-2-1.png 1512w\" sizes=\"auto, (max-width: 1024px) 100vw, 1024px\" \/><\/figure>\n\n\n\n\n<div class=\"text-block vertical-grow-allowed tw-flex tw-flex-col tw-gap-5 md:tw-gap-10  \">\n\t\t\t<div class=\"text-block__title-wrapper tw-flex tw-flex-col tw-items-start md:tw-flex-row tw-flex-wrap md:tw-items-center tw-justify-between tw-gap-4\">\n\t\t\t\t\t\t\t<h2 class=\" tw-m-0\">\n\t\t\t\t\t\t\t\t\t\tDie drei S\u00e4ulen unserer Marke\t\t\t\t<\/h2>\n\t\t\t\n\t\t\t\t\t<\/div>\n\t\n\t\t\n\t<\/div>\n\n\n<div class=\"wp-block-columns layout-three-columns is-layout-flex wp-container-core-columns-is-layout-9d6595d7 wp-block-columns-is-layout-flex\">\n<div class=\"wp-block-column is-vertically-aligned-top is-layout-flow wp-block-column-is-layout-flow\">\n\n<div class=\"text-block vertical-grow-allowed tw-flex tw-flex-col tw-gap-5 md:tw-gap-10  \">\n\t\t\t<div class=\"text-block__title-wrapper tw-flex tw-flex-col tw-items-start md:tw-flex-row tw-flex-wrap md:tw-items-center tw-justify-between tw-gap-4\">\n\t\t\t\t\t\t\t<h2 class=\" tw-m-0\">\n\t\t\t\t\t\t\t\t\t\tPower <br \/>\r\nmade simple\t\t\t\t<\/h2>\n\t\t\t\n\t\t\t\t\t<\/div>\n\t\n\t\t\t<div class=\"text-block__content wysiwyg__content\">\n\t\t\t<div class=\"wysiwyg__content\"><p data-start=\"10445\" data-end=\"10560\">Workforce Management kann komplex sein. Planung, Zeiterfassung, Kommunikation und Integrationen greifen ineinander.<\/p>\n<p data-start=\"10562\" data-end=\"10754\">Dyflexis vereinfacht diese Prozesse mit einer leistungsstarken und integrierten Plattform. Unsere Technologie schafft \u00dcbersicht, vereinfacht Abl\u00e4ufe und erm\u00f6glicht effizientere Zusammenarbeit.<\/p>\n<p data-start=\"10756\" data-end=\"10815\">Weniger Komplexit\u00e4t \u2013 mehr Fokus auf Menschen und Leistung.<\/p>\n<\/div>\t\t<\/div>\n\t\t\n\t<\/div><\/div>\n\n\n\n<div class=\"wp-block-column is-vertically-aligned-top is-layout-flow wp-block-column-is-layout-flow\">\n\n<div class=\"text-block vertical-grow-allowed tw-flex tw-flex-col tw-gap-5 md:tw-gap-10  \">\n\t\t\t<div class=\"text-block__title-wrapper tw-flex tw-flex-col tw-items-start md:tw-flex-row tw-flex-wrap md:tw-items-center tw-justify-between tw-gap-4\">\n\t\t\t\t\t\t\t<h2 class=\" tw-m-0\">\n\t\t\t\t\t\t\t\t\t\tBuilt for <br \/>\r\nprogress\t\t\t\t<\/h2>\n\t\t\t\n\t\t\t\t\t<\/div>\n\t\n\t\t\t<div class=\"text-block__content wysiwyg__content\">\n\t\t\t<div class=\"wysiwyg__content\"><p data-start=\"10846\" data-end=\"10964\">Organisationen entwickeln sich st\u00e4ndig weiter. Teams wachsen, Prozesse ver\u00e4ndern sich und neue Erkenntnisse entstehen.<\/p>\n<p data-start=\"10966\" data-end=\"11173\">Deshalb ist Dyflexis darauf ausgelegt, Fortschritt zu erm\u00f6glichen. Unsere Plattform liefert Daten, Einblicke und Tools, die Unternehmen helfen, bessere Entscheidungen zu treffen und vorausschauend zu planen.<\/p>\n<p data-start=\"11175\" data-end=\"11220\">Nicht nur f\u00fcr heute, sondern auch f\u00fcr morge<\/p>\n<\/div>\t\t<\/div>\n\t\t\n\t<\/div><\/div>\n\n\n\n<div class=\"wp-block-column is-vertically-aligned-top is-layout-flow wp-block-column-is-layout-flow\">\n\n<div class=\"text-block vertical-grow-allowed tw-flex tw-flex-col tw-gap-5 md:tw-gap-10  \">\n\t\t\t<div class=\"text-block__title-wrapper tw-flex tw-flex-col tw-items-start md:tw-flex-row tw-flex-wrap md:tw-items-center tw-justify-between tw-gap-4\">\n\t\t\t\t\t\t\t<h2 class=\" tw-m-0\">\n\t\t\t\t\t\t\t\t\t\tPartnership with personality\t\t\t\t<\/h2>\n\t\t\t\n\t\t\t\t\t<\/div>\n\t\n\t\t\t<div class=\"text-block__content wysiwyg__content\">\n\t\t\t<div class=\"wysiwyg__content\"><p data-start=\"11261\" data-end=\"11372\">Bei Dyflexis glauben wir, dass Technologie allein nicht ausreicht. Echter Erfolg entsteht durch Zusammenarbeit.<\/p>\n<p data-start=\"11374\" data-end=\"11495\">Wir arbeiten eng mit unseren Kunden und Partnern zusammen, h\u00f6ren zu, denken mit und entwickeln L\u00f6sungen gemeinsam weiter.<\/p>\n<p data-start=\"11497\" data-end=\"11575\">Wir sind nicht nur ein Softwareanbieter \u2013 wir sind ein Partner an Ihrer Seite.<\/p>\n<\/div>\t\t<\/div>\n\t\t\n\t<\/div><\/div>\n<\/div>\n\n\n\n\n<div class=\"text-block vertical-grow-allowed tw-flex tw-flex-col tw-gap-5 md:tw-gap-10  \">\n\t\t\t<div class=\"text-block__title-wrapper tw-flex tw-flex-col tw-items-start md:tw-flex-row tw-flex-wrap md:tw-items-center tw-justify-between tw-gap-4\">\n\t\t\t\t\t\t\t<h1 class=\" tw-m-0\">\n\t\t\t\t\t\t\t\t\t\tGemeinsam werden wir st\u00e4rker. Bigger Together.\t\t\t\t<\/h1>\n\t\t\t\n\t\t\t\t\t<\/div>\n\t\n\t\t\n\t<\/div>\n<\/div>\n\t<\/div>\n\n    <\/div>\n","protected":false},"excerpt":{"rendered":"","protected":false},"author":13,"featured_media":29606,"comment_status":"closed","ping_status":"open","sticky":false,"template":"","format":"standard","meta":{"_acf_changed":false,"inline_featured_image":false,"editor_notices":[],"footnotes":""},"categories":[1],"tags":[],"class_list":["post-27205","post","type-post","status-publish","format-standard","has-post-thumbnail","hentry","category-uncategorized"],"acf":[],"yoast_head":"<title>Bigger Together: Die Geschichte hinter unserem neuen Branding | Dyflexis<\/title>\n<meta name=\"robots\" content=\"index, follow, max-snippet:-1, max-image-preview:large, max-video-preview:-1\" \/>\n<link rel=\"canonical\" href=\"https:\/\/www.dyflexis.com\/de\/bigger-together-die-geschichte-hinter-unserem-neuen-branding\/\" \/>\n<meta property=\"og:locale\" content=\"de_DE\" \/>\n<meta property=\"og:type\" content=\"article\" \/>\n<meta property=\"og:title\" content=\"Bigger Together: Die Geschichte hinter unserem neuen Branding | Dyflexis\" \/>\n<meta property=\"og:url\" content=\"https:\/\/www.dyflexis.com\/de\/bigger-together-die-geschichte-hinter-unserem-neuen-branding\/\" \/>\n<meta property=\"og:site_name\" content=\"Dyflexis (DE)\" \/>\n<meta property=\"article:published_time\" content=\"2026-03-04T14:02:14+00:00\" \/>\n<meta property=\"article:modified_time\" content=\"2026-03-12T09:44:14+00:00\" \/>\n<meta name=\"author\" content=\"cashinfelaar\" \/>\n<meta name=\"twitter:card\" content=\"summary_large_image\" \/>\n<meta name=\"twitter:label1\" content=\"Verfasst von\" \/>\n\t<meta name=\"twitter:data1\" content=\"cashinfelaar\" \/>\n\t<meta name=\"twitter:label2\" content=\"Gesch\u00e4tzte Lesezeit\" \/>\n\t<meta name=\"twitter:data2\" content=\"2\u00a0Minuten\" \/>\n<script type=\"application\/ld+json\" class=\"yoast-schema-graph\">{\"@context\":\"https:\/\/schema.org\",\"@graph\":[{\"@type\":\"Article\",\"@id\":\"https:\/\/www.dyflexis.com\/de\/bigger-together-die-geschichte-hinter-unserem-neuen-branding\/#article\",\"isPartOf\":{\"@id\":\"https:\/\/www.dyflexis.com\/de\/bigger-together-die-geschichte-hinter-unserem-neuen-branding\/\"},\"author\":{\"name\":\"cashinfelaar\",\"@id\":\"https:\/\/www.dyflexis.com\/de\/#\/schema\/person\/31540a5d1c500e818cb40bfa7b84d0f5\"},\"headline\":\"Bigger Together: Die Geschichte hinter unserem neuen Branding\",\"datePublished\":\"2026-03-04T14:02:14+00:00\",\"dateModified\":\"2026-03-12T09:44:14+00:00\",\"mainEntityOfPage\":{\"@id\":\"https:\/\/www.dyflexis.com\/de\/bigger-together-die-geschichte-hinter-unserem-neuen-branding\/\"},\"wordCount\":8,\"publisher\":{\"@id\":\"https:\/\/www.dyflexis.com\/de\/#organization\"},\"image\":{\"@id\":\"https:\/\/www.dyflexis.com\/de\/bigger-together-die-geschichte-hinter-unserem-neuen-branding\/#primaryimage\"},\"thumbnailUrl\":\"https:\/\/www.dyflexis.com\/de\/wp-content\/uploads\/2026\/03\/Blog-overzicht-1.png\",\"articleSection\":[\"Uncategorized\"],\"inLanguage\":\"de\"},{\"@type\":\"WebPage\",\"@id\":\"https:\/\/www.dyflexis.com\/de\/bigger-together-die-geschichte-hinter-unserem-neuen-branding\/\",\"url\":\"https:\/\/www.dyflexis.com\/de\/bigger-together-die-geschichte-hinter-unserem-neuen-branding\/\",\"name\":\"Bigger Together: Die Geschichte hinter unserem neuen Branding | Dyflexis\",\"isPartOf\":{\"@id\":\"https:\/\/www.dyflexis.com\/de\/#website\"},\"primaryImageOfPage\":{\"@id\":\"https:\/\/www.dyflexis.com\/de\/bigger-together-die-geschichte-hinter-unserem-neuen-branding\/#primaryimage\"},\"image\":{\"@id\":\"https:\/\/www.dyflexis.com\/de\/bigger-together-die-geschichte-hinter-unserem-neuen-branding\/#primaryimage\"},\"thumbnailUrl\":\"https:\/\/www.dyflexis.com\/de\/wp-content\/uploads\/2026\/03\/Blog-overzicht-1.png\",\"datePublished\":\"2026-03-04T14:02:14+00:00\",\"dateModified\":\"2026-03-12T09:44:14+00:00\",\"breadcrumb\":{\"@id\":\"https:\/\/www.dyflexis.com\/de\/bigger-together-die-geschichte-hinter-unserem-neuen-branding\/#breadcrumb\"},\"inLanguage\":\"de\",\"potentialAction\":[{\"@type\":\"ReadAction\",\"target\":[\"https:\/\/www.dyflexis.com\/de\/bigger-together-die-geschichte-hinter-unserem-neuen-branding\/\"]}]},{\"@type\":\"ImageObject\",\"inLanguage\":\"de\",\"@id\":\"https:\/\/www.dyflexis.com\/de\/bigger-together-die-geschichte-hinter-unserem-neuen-branding\/#primaryimage\",\"url\":\"https:\/\/www.dyflexis.com\/de\/wp-content\/uploads\/2026\/03\/Blog-overzicht-1.png\",\"contentUrl\":\"https:\/\/www.dyflexis.com\/de\/wp-content\/uploads\/2026\/03\/Blog-overzicht-1.png\"},{\"@type\":\"BreadcrumbList\",\"@id\":\"https:\/\/www.dyflexis.com\/de\/bigger-together-die-geschichte-hinter-unserem-neuen-branding\/#breadcrumb\",\"itemListElement\":[{\"@type\":\"ListItem\",\"position\":1,\"name\":\"Home\",\"item\":\"https:\/\/www.dyflexis.com\/de\/\"},{\"@type\":\"ListItem\",\"position\":2,\"name\":\"Blogs\",\"item\":\"https:\/\/www.dyflexis.com\/de\/category\/blog\/\"},{\"@type\":\"ListItem\",\"position\":3,\"name\":\"Uncategorized\",\"item\":\"https:\/\/www.dyflexis.com\/de\/category\/blog\/uncategorized\/\"},{\"@type\":\"ListItem\",\"position\":4,\"name\":\"Bigger Together: Die Geschichte hinter unserem neuen Branding\"}]},{\"@type\":\"WebSite\",\"@id\":\"https:\/\/www.dyflexis.com\/de\/#website\",\"url\":\"https:\/\/www.dyflexis.com\/de\/\",\"name\":\"Dyflexis\",\"description\":\"Dyflexis Workforce Management | Bigger Together\",\"publisher\":{\"@id\":\"https:\/\/www.dyflexis.com\/de\/#organization\"},\"alternateName\":\"Dyflexis Workforce Management\",\"potentialAction\":[{\"@type\":\"SearchAction\",\"target\":{\"@type\":\"EntryPoint\",\"urlTemplate\":\"https:\/\/www.dyflexis.com\/de\/?s={search_term_string}\"},\"query-input\":{\"@type\":\"PropertyValueSpecification\",\"valueRequired\":true,\"valueName\":\"search_term_string\"}}],\"inLanguage\":\"de\"},{\"@type\":\"Organization\",\"@id\":\"https:\/\/www.dyflexis.com\/de\/#organization\",\"name\":\"Dyflexis\",\"alternateName\":\"Dyflexis Workforce Management\",\"url\":\"https:\/\/www.dyflexis.com\/de\/\",\"logo\":{\"@type\":\"ImageObject\",\"inLanguage\":\"de\",\"@id\":\"https:\/\/www.dyflexis.com\/de\/#\/schema\/logo\/image\/\",\"url\":\"https:\/\/www.dyflexis.com\/de\/wp-content\/uploads\/2026\/03\/LinkedIn-Company-Logo.jpg\",\"contentUrl\":\"https:\/\/www.dyflexis.com\/de\/wp-content\/uploads\/2026\/03\/LinkedIn-Company-Logo.jpg\",\"width\":300,\"height\":300,\"caption\":\"Dyflexis\"},\"image\":{\"@id\":\"https:\/\/www.dyflexis.com\/de\/#\/schema\/logo\/image\/\"}},{\"@type\":\"Person\",\"@id\":\"https:\/\/www.dyflexis.com\/de\/#\/schema\/person\/31540a5d1c500e818cb40bfa7b84d0f5\",\"name\":\"cashinfelaar\",\"image\":{\"@type\":\"ImageObject\",\"inLanguage\":\"de\",\"@id\":\"https:\/\/secure.gravatar.com\/avatar\/71f9e4ceb3a58b72d5ff4f1c9adfb4f1d236014885f2856c5fe857b51437d9ff?s=96&d=mm&r=g\",\"url\":\"https:\/\/secure.gravatar.com\/avatar\/71f9e4ceb3a58b72d5ff4f1c9adfb4f1d236014885f2856c5fe857b51437d9ff?s=96&d=mm&r=g\",\"contentUrl\":\"https:\/\/secure.gravatar.com\/avatar\/71f9e4ceb3a58b72d5ff4f1c9adfb4f1d236014885f2856c5fe857b51437d9ff?s=96&d=mm&r=g\",\"caption\":\"cashinfelaar\"},\"url\":\"https:\/\/www.dyflexis.com\/de\/author\/cashinfelaar\/\"}]}<\/script>","yoast_head_json":{"title":"Bigger Together: Die Geschichte hinter unserem neuen Branding | Dyflexis","robots":{"index":"index","follow":"follow","max-snippet":"max-snippet:-1","max-image-preview":"max-image-preview:large","max-video-preview":"max-video-preview:-1"},"canonical":"https:\/\/www.dyflexis.com\/de\/bigger-together-die-geschichte-hinter-unserem-neuen-branding\/","og_locale":"de_DE","og_type":"article","og_title":"Bigger Together: Die Geschichte hinter unserem neuen Branding | Dyflexis","og_url":"https:\/\/www.dyflexis.com\/de\/bigger-together-die-geschichte-hinter-unserem-neuen-branding\/","og_site_name":"Dyflexis (DE)","article_published_time":"2026-03-04T14:02:14+00:00","article_modified_time":"2026-03-12T09:44:14+00:00","author":"cashinfelaar","twitter_card":"summary_large_image","twitter_misc":{"Verfasst von":"cashinfelaar","Gesch\u00e4tzte Lesezeit":"2\u00a0Minuten"},"schema":{"@context":"https:\/\/schema.org","@graph":[{"@type":"Article","@id":"https:\/\/www.dyflexis.com\/de\/bigger-together-die-geschichte-hinter-unserem-neuen-branding\/#article","isPartOf":{"@id":"https:\/\/www.dyflexis.com\/de\/bigger-together-die-geschichte-hinter-unserem-neuen-branding\/"},"author":{"name":"cashinfelaar","@id":"https:\/\/www.dyflexis.com\/de\/#\/schema\/person\/31540a5d1c500e818cb40bfa7b84d0f5"},"headline":"Bigger Together: Die Geschichte hinter unserem neuen Branding","datePublished":"2026-03-04T14:02:14+00:00","dateModified":"2026-03-12T09:44:14+00:00","mainEntityOfPage":{"@id":"https:\/\/www.dyflexis.com\/de\/bigger-together-die-geschichte-hinter-unserem-neuen-branding\/"},"wordCount":8,"publisher":{"@id":"https:\/\/www.dyflexis.com\/de\/#organization"},"image":{"@id":"https:\/\/www.dyflexis.com\/de\/bigger-together-die-geschichte-hinter-unserem-neuen-branding\/#primaryimage"},"thumbnailUrl":"https:\/\/www.dyflexis.com\/de\/wp-content\/uploads\/2026\/03\/Blog-overzicht-1.png","articleSection":["Uncategorized"],"inLanguage":"de"},{"@type":"WebPage","@id":"https:\/\/www.dyflexis.com\/de\/bigger-together-die-geschichte-hinter-unserem-neuen-branding\/","url":"https:\/\/www.dyflexis.com\/de\/bigger-together-die-geschichte-hinter-unserem-neuen-branding\/","name":"Bigger Together: Die Geschichte hinter unserem neuen Branding | Dyflexis","isPartOf":{"@id":"https:\/\/www.dyflexis.com\/de\/#website"},"primaryImageOfPage":{"@id":"https:\/\/www.dyflexis.com\/de\/bigger-together-die-geschichte-hinter-unserem-neuen-branding\/#primaryimage"},"image":{"@id":"https:\/\/www.dyflexis.com\/de\/bigger-together-die-geschichte-hinter-unserem-neuen-branding\/#primaryimage"},"thumbnailUrl":"https:\/\/www.dyflexis.com\/de\/wp-content\/uploads\/2026\/03\/Blog-overzicht-1.png","datePublished":"2026-03-04T14:02:14+00:00","dateModified":"2026-03-12T09:44:14+00:00","breadcrumb":{"@id":"https:\/\/www.dyflexis.com\/de\/bigger-together-die-geschichte-hinter-unserem-neuen-branding\/#breadcrumb"},"inLanguage":"de","potentialAction":[{"@type":"ReadAction","target":["https:\/\/www.dyflexis.com\/de\/bigger-together-die-geschichte-hinter-unserem-neuen-branding\/"]}]},{"@type":"ImageObject","inLanguage":"de","@id":"https:\/\/www.dyflexis.com\/de\/bigger-together-die-geschichte-hinter-unserem-neuen-branding\/#primaryimage","url":"https:\/\/www.dyflexis.com\/de\/wp-content\/uploads\/2026\/03\/Blog-overzicht-1.png","contentUrl":"https:\/\/www.dyflexis.com\/de\/wp-content\/uploads\/2026\/03\/Blog-overzicht-1.png"},{"@type":"BreadcrumbList","@id":"https:\/\/www.dyflexis.com\/de\/bigger-together-die-geschichte-hinter-unserem-neuen-branding\/#breadcrumb","itemListElement":[{"@type":"ListItem","position":1,"name":"Home","item":"https:\/\/www.dyflexis.com\/de\/"},{"@type":"ListItem","position":2,"name":"Blogs","item":"https:\/\/www.dyflexis.com\/de\/category\/blog\/"},{"@type":"ListItem","position":3,"name":"Uncategorized","item":"https:\/\/www.dyflexis.com\/de\/category\/blog\/uncategorized\/"},{"@type":"ListItem","position":4,"name":"Bigger Together: Die Geschichte hinter unserem neuen Branding"}]},{"@type":"WebSite","@id":"https:\/\/www.dyflexis.com\/de\/#website","url":"https:\/\/www.dyflexis.com\/de\/","name":"Dyflexis","description":"Dyflexis Workforce Management | Bigger Together","publisher":{"@id":"https:\/\/www.dyflexis.com\/de\/#organization"},"alternateName":"Dyflexis Workforce Management","potentialAction":[{"@type":"SearchAction","target":{"@type":"EntryPoint","urlTemplate":"https:\/\/www.dyflexis.com\/de\/?s={search_term_string}"},"query-input":{"@type":"PropertyValueSpecification","valueRequired":true,"valueName":"search_term_string"}}],"inLanguage":"de"},{"@type":"Organization","@id":"https:\/\/www.dyflexis.com\/de\/#organization","name":"Dyflexis","alternateName":"Dyflexis Workforce Management","url":"https:\/\/www.dyflexis.com\/de\/","logo":{"@type":"ImageObject","inLanguage":"de","@id":"https:\/\/www.dyflexis.com\/de\/#\/schema\/logo\/image\/","url":"https:\/\/www.dyflexis.com\/de\/wp-content\/uploads\/2026\/03\/LinkedIn-Company-Logo.jpg","contentUrl":"https:\/\/www.dyflexis.com\/de\/wp-content\/uploads\/2026\/03\/LinkedIn-Company-Logo.jpg","width":300,"height":300,"caption":"Dyflexis"},"image":{"@id":"https:\/\/www.dyflexis.com\/de\/#\/schema\/logo\/image\/"}},{"@type":"Person","@id":"https:\/\/www.dyflexis.com\/de\/#\/schema\/person\/31540a5d1c500e818cb40bfa7b84d0f5","name":"cashinfelaar","image":{"@type":"ImageObject","inLanguage":"de","@id":"https:\/\/secure.gravatar.com\/avatar\/71f9e4ceb3a58b72d5ff4f1c9adfb4f1d236014885f2856c5fe857b51437d9ff?s=96&d=mm&r=g","url":"https:\/\/secure.gravatar.com\/avatar\/71f9e4ceb3a58b72d5ff4f1c9adfb4f1d236014885f2856c5fe857b51437d9ff?s=96&d=mm&r=g","contentUrl":"https:\/\/secure.gravatar.com\/avatar\/71f9e4ceb3a58b72d5ff4f1c9adfb4f1d236014885f2856c5fe857b51437d9ff?s=96&d=mm&r=g","caption":"cashinfelaar"},"url":"https:\/\/www.dyflexis.com\/de\/author\/cashinfelaar\/"}]}},"_links":{"self":[{"href":"https:\/\/www.dyflexis.com\/de\/wp-json\/wp\/v2\/posts\/27205","targetHints":{"allow":["GET"]}}],"collection":[{"href":"https:\/\/www.dyflexis.com\/de\/wp-json\/wp\/v2\/posts"}],"about":[{"href":"https:\/\/www.dyflexis.com\/de\/wp-json\/wp\/v2\/types\/post"}],"author":[{"embeddable":true,"href":"https:\/\/www.dyflexis.com\/de\/wp-json\/wp\/v2\/users\/13"}],"replies":[{"embeddable":true,"href":"https:\/\/www.dyflexis.com\/de\/wp-json\/wp\/v2\/comments?post=27205"}],"version-history":[{"count":6,"href":"https:\/\/www.dyflexis.com\/de\/wp-json\/wp\/v2\/posts\/27205\/revisions"}],"predecessor-version":[{"id":27524,"href":"https:\/\/www.dyflexis.com\/de\/wp-json\/wp\/v2\/posts\/27205\/revisions\/27524"}],"wp:featuredmedia":[{"embeddable":true,"href":"https:\/\/www.dyflexis.com\/de\/wp-json\/"}],"wp:attachment":[{"href":"https:\/\/www.dyflexis.com\/de\/wp-json\/wp\/v2\/media?parent=27205"}],"wp:term":[{"taxonomy":"category","embeddable":true,"href":"https:\/\/www.dyflexis.com\/de\/wp-json\/wp\/v2\/categories?post=27205"},{"taxonomy":"post_tag","embeddable":true,"href":"https:\/\/www.dyflexis.com\/de\/wp-json\/wp\/v2\/tags?post=27205"}],"curies":[{"name":"wp","href":"https:\/\/api.w.org\/{rel}","templated":true}]}}